{"id":1604,"date":"2010-12-03T15:16:30","date_gmt":"2010-12-03T18:16:30","guid":{"rendered":"http:\/\/graphein.tempsite.ws\/novosite\/?p=1604"},"modified":"2010-12-03T15:16:30","modified_gmt":"2010-12-03T18:16:30","slug":"segundo-a-revista-isto-e-o-colegio-graphein-desenvolve-metodo-especializado-com-criancas-extremamente-inteligentes","status":"publish","type":"post","link":"https:\/\/www.graphein.com.br\/?p=1604","title":{"rendered":"Segundo a Revista Isto \u00c9, o Col\u00e9gio Graphein desenvolve m\u00e9todo especializado com crian\u00e7as extremamente inteligentes"},"content":{"rendered":"<p style=\"text-align: justify;\">A Revista Isto \u00c9, em mat\u00e9ria sobre os \u201cPilares da intelig\u00eancia\u201d, na edi\u00e7\u00e3o 2028, de 17 de set. de 2008, abordou o tema sobre as possibilidades para aumentar a capacidade intelectual do ser humano, mostrando uma s\u00e9rie de descobertas que refor\u00e7am a ideia que o potencial cognitivo de cada indiv\u00edduo apresenta uma potencial capacidade de crescer ao longo da vida. Basta usar os est\u00edmulos corretos e evitar as amea\u00e7as que come\u00e7am a ser mais bem conhecidas.<\/p>\n<p style=\"text-align: justify;\">Para produzir a mat\u00e9ria, a Revista Isto \u00c9 entrevistou os diretores do Col\u00e9gio Graphein, por ser um col\u00e9gio bem conceituado que se especializou no atendimento a crian\u00e7as muito inteligentes, abordando algumas experi\u00eancias da escola. \u201cMuitos estudantes t\u00eam problemas em escolas convencionais. Como aprendem r\u00e1pido, ficam inquietos e podem atrapalhar as aulas\u201d, explica a doutora N\u00edvea Fabr\u00edcio, psic\u00f3loga e diretora do Col\u00e9gio Graphein.<\/p>\n<p style=\"text-align: justify;\">No Col\u00e9gio, cada aluno \u00e9 analisado de forma \u00fanica, sendo aproveitadas suas melhores habilidades pelo centro de interesses do aluno, o Projeto Singular, por exemplo, avalia todas as qualidades, experi\u00eancias vividas e necessidades dos estudantes; ap\u00f3s esse avalia\u00e7\u00e3o, escolhe-se o m\u00e9todo de ensino eficaz para o aprendizado. \u201c Dessa forma, trabalhamos o conte\u00fado para o qual ele est\u00e1 pronto e sua fome de conhecimento \u00e9 satisfeita\u201d, ressalta o diretor Josef Vaimboim.<\/p>\n<p style=\"text-align: justify;\">A mat\u00e9ria na \u00edntegra encontra-se no link da Revista: http:\/\/wwwterra.com.br\/istoe\/edicoes\/2028\/imprime101997.htm.<\/p>\n<iframe src=\"http:\/\/www.facebook.com\/plugins\/like.php?href=https%3A%2F%2Fwww.graphein.com.br%2F%3Fp%3D1604&amp;layout=standard&amp;show_faces=true&amp;width=450&amp;action=like&amp;colorscheme=light\" scrolling=\"no\" frameborder=\"0\" allowTransparency=\"true\" style=\"border:none; overflow:hidden; width:450px;margin-top:5px;\"><\/iframe>","protected":false},"excerpt":{"rendered":"<p>A Revista Isto \u00c9, em mat\u00e9ria sobre os \u201cPilares da intelig\u00eancia\u201d, na edi\u00e7\u00e3o 2028, de 17 de set. de 2008, abordou o tema sobre as possibilidades para aumentar a capacidade intelectual do ser humano, mostrando uma s\u00e9rie de descobertas que refor\u00e7am a ideia que o potencial cognitivo de cada indiv\u00edduo apresenta uma potencial capacidade de [&hellip;]<\/p>\n","protected":false},"author":1,"featured_media":0,"comment_status":"open","ping_status":"open","sticky":false,"template":"","format":"standard","meta":[],"categories":[13,14],"tags":[],"_links":{"self":[{"href":"https:\/\/www.graphein.com.br\/index.php?rest_route=\/wp\/v2\/posts\/1604"}],"collection":[{"href":"https:\/\/www.graphein.com.br\/index.php?rest_route=\/wp\/v2\/posts"}],"about":[{"href":"https:\/\/www.graphein.com.br\/index.php?rest_route=\/wp\/v2\/types\/post"}],"author":[{"embeddable":true,"href":"https:\/\/www.graphein.com.br\/index.php?rest_route=\/wp\/v2\/users\/1"}],"replies":[{"embeddable":true,"href":"https:\/\/www.graphein.com.br\/index.php?rest_route=%2Fwp%2Fv2%2Fcomments&post=1604"}],"version-history":[{"count":0,"href":"https:\/\/www.graphein.com.br\/index.php?rest_route=\/wp\/v2\/posts\/1604\/revisions"}],"wp:attachment":[{"href":"https:\/\/www.graphein.com.br\/index.php?rest_route=%2Fwp%2Fv2%2Fmedia&parent=1604"}],"wp:term":[{"taxonomy":"category","embeddable":true,"href":"https:\/\/www.graphein.com.br\/index.php?rest_route=%2Fwp%2Fv2%2Fcategories&post=1604"},{"taxonomy":"post_tag","embeddable":true,"href":"https:\/\/www.graphein.com.br\/index.php?rest_route=%2Fwp%2Fv2%2Ftags&post=1604"}],"curies":[{"name":"wp","href":"https:\/\/api.w.org\/{rel}","templated":true}]}}