{"id":1620,"date":"2010-12-03T15:31:45","date_gmt":"2010-12-03T18:31:45","guid":{"rendered":"http:\/\/graphein.tempsite.ws\/novosite\/?p=1620"},"modified":"2010-12-03T15:31:45","modified_gmt":"2010-12-03T18:31:45","slug":"aula-de-dislexia-na-internet","status":"publish","type":"post","link":"https:\/\/www.graphein.com.br\/?p=1620","title":{"rendered":"Aula de Dislexia na Internet"},"content":{"rendered":"<p style=\"text-align: justify;\"><em>Ler e Compreender &#8211; Dislexia: A correla\u00e7\u00e3o entre   passado e presente e o processo diagn\u00f3stico<\/em><\/p>\n<p style=\"text-align: justify;\">Em 2009, o site \u201cLer e   Compreender\u201d, <a href=\"http:\/\/www.lerecompreender.com.br\/\">www.lerecompreender.com.br<\/a>, promoveu   uma palestra sobre Dislexia e a sua correla\u00e7\u00e3o entre passado e presente, e seu   processo de diagn\u00f3stico. O moderador da palestra, Josef Bukstein Vainboim \u2013   Patrocinado pela ANDEA (Associa\u00e7\u00e3o Nacional de Dificuldade de Ensino e   aprendizagem, <span style=\"text-decoration: underline;\"><a href=\"http:\/\/www.andea.org\/\">www.andea.org<\/a><\/span>)-, com   o apoio do Col\u00e9gio Graphein, www.graphein.com.br, esclareceu e prop\u00f4s novas   propostas sobre a Dislexia, analisou-se desde o inicio da dificuldade da   leitura at\u00e9 o diagnostico, valorizando e destacando o cuidado a ser tomado   perante diagn\u00f3sticos precipitados, trabalhando a dislexia como uma \u201cdiferen\u00e7a\u201d   e n\u00e3o como uma doen\u00e7a.<\/p>\n<p style=\"text-align: justify;\">A   palestra esta dispon\u00edvel para download no site: <a href=\"http:\/\/www.lerecompreender.com.br\/\">www.lerecompreender.com.br<\/a>,   gratuitamente. Para educadores, profissionais e   interessados pelo assunto abordado, est\u00e3o convidados para participar dos   WebMeetings ao vivo no site Ler e Compreender onde discutiremos sobre   Dislexia.<\/p>\n<p style=\"text-align: justify;\">Outra palestra dispon\u00edvel no site \u00e9: \u201cComo suspeitar e identificar a   dislexia no contexto escolar &#8211; A\u00e7\u00f5es da escola com alunos disl\u00e9xicos\u201d, com   Dra. N\u00edvea Maria de Carvalho Fabr\u00edcio, diretora do Col\u00e9gio Graphein, e Dra.   Thelma P\u00e2ntano, psic\u00f3loga.<\/p>\n<iframe src=\"http:\/\/www.facebook.com\/plugins\/like.php?href=https%3A%2F%2Fwww.graphein.com.br%2F%3Fp%3D1620&amp;layout=standard&amp;show_faces=true&amp;width=450&amp;action=like&amp;colorscheme=light\" scrolling=\"no\" frameborder=\"0\" allowTransparency=\"true\" style=\"border:none; overflow:hidden; width:450px;margin-top:5px;\"><\/iframe>","protected":false},"excerpt":{"rendered":"<p>Ler e Compreender &#8211; Dislexia: A correla\u00e7\u00e3o entre passado e presente e o processo diagn\u00f3stico Em 2009, o site \u201cLer e Compreender\u201d, www.lerecompreender.com.br, promoveu uma palestra sobre Dislexia e a sua correla\u00e7\u00e3o entre passado e presente, e seu processo de diagn\u00f3stico. O moderador da palestra, Josef Bukstein Vainboim \u2013 Patrocinado pela ANDEA (Associa\u00e7\u00e3o Nacional de [&hellip;]<\/p>\n","protected":false},"author":1,"featured_media":0,"comment_status":"open","ping_status":"open","sticky":false,"template":"","format":"standard","meta":[],"categories":[13,14],"tags":[],"_links":{"self":[{"href":"https:\/\/www.graphein.com.br\/index.php?rest_route=\/wp\/v2\/posts\/1620"}],"collection":[{"href":"https:\/\/www.graphein.com.br\/index.php?rest_route=\/wp\/v2\/posts"}],"about":[{"href":"https:\/\/www.graphein.com.br\/index.php?rest_route=\/wp\/v2\/types\/post"}],"author":[{"embeddable":true,"href":"https:\/\/www.graphein.com.br\/index.php?rest_route=\/wp\/v2\/users\/1"}],"replies":[{"embeddable":true,"href":"https:\/\/www.graphein.com.br\/index.php?rest_route=%2Fwp%2Fv2%2Fcomments&post=1620"}],"version-history":[{"count":0,"href":"https:\/\/www.graphein.com.br\/index.php?rest_route=\/wp\/v2\/posts\/1620\/revisions"}],"wp:attachment":[{"href":"https:\/\/www.graphein.com.br\/index.php?rest_route=%2Fwp%2Fv2%2Fmedia&parent=1620"}],"wp:term":[{"taxonomy":"category","embeddable":true,"href":"https:\/\/www.graphein.com.br\/index.php?rest_route=%2Fwp%2Fv2%2Fcategories&post=1620"},{"taxonomy":"post_tag","embeddable":true,"href":"https:\/\/www.graphein.com.br\/index.php?rest_route=%2Fwp%2Fv2%2Ftags&post=1620"}],"curies":[{"name":"wp","href":"https:\/\/api.w.org\/{rel}","templated":true}]}}