{"id":188,"date":"2010-05-31T17:05:58","date_gmt":"2010-05-31T20:05:58","guid":{"rendered":"http:\/\/graphein.tempsite.ws\/novosite\/?p=188"},"modified":"2010-05-31T17:05:58","modified_gmt":"2010-05-31T20:05:58","slug":"gerador-de-van-de-graaff","status":"publish","type":"post","link":"https:\/\/www.graphein.com.br\/?p=188","title":{"rendered":"Gerador de Van de Graaff"},"content":{"rendered":"<p style=\"text-align: justify;\"><a href=\"http:\/\/graphein.tempsite.ws\/novosite\/wp-content\/uploads\/2010\/05\/Foto_Not\u00edcia20.jpg\"><img loading=\"lazy\" title=\"Foto_Not\u00edcia20\" class=\"alignleft size-medium wp-image-557\" src=\"http:\/\/graphein.tempsite.ws\/novosite\/wp-content\/uploads\/2010\/05\/Foto_Not\u00edcia20-300x225.jpg\" alt=\"\" width=\"300\" height=\"225\" \/><\/a>Estudantes testam gerador para amplia\u00e7\u00e3o de conhecimentos voltados \u00e0 eletricidade nas aulas de F\u00edsica.<\/p>\n<p style=\"text-align: justify;\">As demonstra\u00e7\u00f5es foram n\u00edtidas, o gerador produz o efeito de arrepiar os cabelos!<\/p>\n<p style=\"text-align: justify;\">Ao  tocar no gerador de Van de Graaff, os fios de cabelo recebem a mesma  carga emitida pela experi\u00eancia, o que faz com que fiquem de p\u00e9.<\/p>\n<p style=\"text-align: justify;\">O  gerador, inventado pelo engenheiro Robert Jemison Van de Graff, movido  um motor, duas polias, uma correia ou cinta, duas hastes ou terminais  feitos de finos fios de cobre e uma esfera oca onde se acumula a carga  transportada pela cinta.<\/p>\n<p style=\"text-align: justify;\">A atividade  possibilitou a rela\u00e7\u00e3o entre os registros realizados nas aulas de  F\u00edsica e as experi\u00eancias feitas em laborat\u00f3rio de forma pr\u00e1tica e  significativa.<\/p>\n<p style=\"text-align: justify;\">Camila D Amico<\/p>\n<p style=\"text-align: justify;\"><strong>Coord. Pedag\u00f3gica<\/strong><a href=\"http:\/\/graphein.tempsite.ws\/novosite\/wp-content\/uploads\/2010\/08\/gerador.jpg\"><br \/>\n<\/a><\/p>\n<iframe src=\"http:\/\/www.facebook.com\/plugins\/like.php?href=https%3A%2F%2Fwww.graphein.com.br%2F%3Fp%3D188&amp;layout=standard&amp;show_faces=true&amp;width=450&amp;action=like&amp;colorscheme=light\" scrolling=\"no\" frameborder=\"0\" allowTransparency=\"true\" style=\"border:none; overflow:hidden; width:450px;margin-top:5px;\"><\/iframe>","protected":false},"excerpt":{"rendered":"<p>Estudantes testam gerador para amplia\u00e7\u00e3o de conhecimentos voltados \u00e0 eletricidade nas aulas de F\u00edsica. As demonstra\u00e7\u00f5es foram n\u00edtidas, o gerador produz o efeito de arrepiar os cabelos! Ao tocar no gerador de Van de Graaff, os fios de cabelo recebem a mesma carga emitida pela experi\u00eancia, o que faz com que fiquem de p\u00e9. O [&hellip;]<\/p>\n","protected":false},"author":1,"featured_media":0,"comment_status":"open","ping_status":"open","sticky":false,"template":"","format":"standard","meta":[],"categories":[16],"tags":[],"_links":{"self":[{"href":"https:\/\/www.graphein.com.br\/index.php?rest_route=\/wp\/v2\/posts\/188"}],"collection":[{"href":"https:\/\/www.graphein.com.br\/index.php?rest_route=\/wp\/v2\/posts"}],"about":[{"href":"https:\/\/www.graphein.com.br\/index.php?rest_route=\/wp\/v2\/types\/post"}],"author":[{"embeddable":true,"href":"https:\/\/www.graphein.com.br\/index.php?rest_route=\/wp\/v2\/users\/1"}],"replies":[{"embeddable":true,"href":"https:\/\/www.graphein.com.br\/index.php?rest_route=%2Fwp%2Fv2%2Fcomments&post=188"}],"version-history":[{"count":0,"href":"https:\/\/www.graphein.com.br\/index.php?rest_route=\/wp\/v2\/posts\/188\/revisions"}],"wp:attachment":[{"href":"https:\/\/www.graphein.com.br\/index.php?rest_route=%2Fwp%2Fv2%2Fmedia&parent=188"}],"wp:term":[{"taxonomy":"category","embeddable":true,"href":"https:\/\/www.graphein.com.br\/index.php?rest_route=%2Fwp%2Fv2%2Fcategories&post=188"},{"taxonomy":"post_tag","embeddable":true,"href":"https:\/\/www.graphein.com.br\/index.php?rest_route=%2Fwp%2Fv2%2Ftags&post=188"}],"curies":[{"name":"wp","href":"https:\/\/api.w.org\/{rel}","templated":true}]}}