{"id":197,"date":"2009-09-09T11:07:15","date_gmt":"2009-09-09T14:07:15","guid":{"rendered":"http:\/\/graphein.tempsite.ws\/novosite\/?p=197"},"modified":"2009-09-09T11:07:15","modified_gmt":"2009-09-09T14:07:15","slug":"dra-nivea-fabricio-desenvolve-palestra-sobre-tdha-no-cape","status":"publish","type":"post","link":"https:\/\/www.graphein.com.br\/?p=197","title":{"rendered":"Dra. N\u00edvea Fabr\u00edcio desenvolve palestra sobre TDHA no CAPE"},"content":{"rendered":"<p style=\"text-align: justify;\">Nos  \u00faltimos dias 11 e 12 de agosto, a Dra. N\u00edvea Maria de Carvalho Fabr\u00edcio  \u2013 Psic\u00f3loga e Diretora do Col\u00e9gio Graphein, www.graphein.com.br,  desenvolveu um trabalho de capacita\u00e7\u00e3o de profissionais no CAPE (Centro  de Apoio Pedag\u00f3gico Especializado), http:\/\/cape.edunet.sp.gov.br. O  Curso teve dura\u00e7\u00e3o de dois dias, cada dia de palestra contou com a  presen\u00e7a de 90 participantes: profissionais da \u00e1rea, supervisores e  orientadores pedag\u00f3gicos.<\/p>\n<p style=\"text-align: justify;\">O  tema abordado para o curso foi TDHA e Estrat\u00e9gias Educacionais (TDA\/H \u2013  Transtorno do D\u00e9ficit de Aten\u00e7\u00e3o\/Hiperatividade -, \u00e9 um transtorno de  desenvolvimento do autocontrole que consiste em dificuldades com os  per\u00edodos de aten\u00e7\u00e3o, com o controle do impulso e com o n\u00edvel de  atividade), a Dra. discutiu o assunto de forma objetiva, envolvendo os  profissionais em debates e din\u00e2micas para facilitar o entendimento e  compreens\u00e3o do tema.<\/p>\n<p style=\"text-align: justify;\">Todos  os 180 profissionais tiveram \u00f3timo desempenho no curso, e participaram  da palestra com grande interesse, o que foi muito gratificante para a  palestrante.<\/p>\n<p style=\"text-align: center;\"><strong>\u201cProfissionais  com maior conhecimento e melhor capacitados, al\u00e9m de se tornarem  melhores profissionais, podem ajudar milhares de crian\u00e7as, adolescentes e  adultos no diagnostico e tratamento do TDHA\u201d<\/strong><\/p>\n<p style=\"text-align: right;\">Dra. N\u00edvea Fabr\u00edcio.<\/p>\n<iframe src=\"http:\/\/www.facebook.com\/plugins\/like.php?href=https%3A%2F%2Fwww.graphein.com.br%2F%3Fp%3D197&amp;layout=standard&amp;show_faces=true&amp;width=450&amp;action=like&amp;colorscheme=light\" scrolling=\"no\" frameborder=\"0\" allowTransparency=\"true\" style=\"border:none; overflow:hidden; width:450px;margin-top:5px;\"><\/iframe>","protected":false},"excerpt":{"rendered":"<p>Nos \u00faltimos dias 11 e 12 de agosto, a Dra. N\u00edvea Maria de Carvalho Fabr\u00edcio \u2013 Psic\u00f3loga e Diretora do Col\u00e9gio Graphein, www.graphein.com.br, desenvolveu um trabalho de capacita\u00e7\u00e3o de profissionais no CAPE (Centro de Apoio Pedag\u00f3gico Especializado), http:\/\/cape.edunet.sp.gov.br. O Curso teve dura\u00e7\u00e3o de dois dias, cada dia de palestra contou com a presen\u00e7a de 90 [&hellip;]<\/p>\n","protected":false},"author":1,"featured_media":0,"comment_status":"open","ping_status":"open","sticky":false,"template":"","format":"standard","meta":[],"categories":[15],"tags":[],"_links":{"self":[{"href":"https:\/\/www.graphein.com.br\/index.php?rest_route=\/wp\/v2\/posts\/197"}],"collection":[{"href":"https:\/\/www.graphein.com.br\/index.php?rest_route=\/wp\/v2\/posts"}],"about":[{"href":"https:\/\/www.graphein.com.br\/index.php?rest_route=\/wp\/v2\/types\/post"}],"author":[{"embeddable":true,"href":"https:\/\/www.graphein.com.br\/index.php?rest_route=\/wp\/v2\/users\/1"}],"replies":[{"embeddable":true,"href":"https:\/\/www.graphein.com.br\/index.php?rest_route=%2Fwp%2Fv2%2Fcomments&post=197"}],"version-history":[{"count":0,"href":"https:\/\/www.graphein.com.br\/index.php?rest_route=\/wp\/v2\/posts\/197\/revisions"}],"wp:attachment":[{"href":"https:\/\/www.graphein.com.br\/index.php?rest_route=%2Fwp%2Fv2%2Fmedia&parent=197"}],"wp:term":[{"taxonomy":"category","embeddable":true,"href":"https:\/\/www.graphein.com.br\/index.php?rest_route=%2Fwp%2Fv2%2Fcategories&post=197"},{"taxonomy":"post_tag","embeddable":true,"href":"https:\/\/www.graphein.com.br\/index.php?rest_route=%2Fwp%2Fv2%2Ftags&post=197"}],"curies":[{"name":"wp","href":"https:\/\/api.w.org\/{rel}","templated":true}]}}