{"id":2011,"date":"2011-01-31T10:47:49","date_gmt":"2011-01-31T13:47:49","guid":{"rendered":"http:\/\/graphein.tempsite.ws\/novosite\/?p=2011"},"modified":"2011-01-31T10:47:49","modified_gmt":"2011-01-31T13:47:49","slug":"disturbio-auditivo-e-confundido-com-deficit-de-atencao","status":"publish","type":"post","link":"https:\/\/www.graphein.com.br\/?p=2011","title":{"rendered":"Dist\u00farbio auditivo \u00e9 confundido com deficit de aten\u00e7\u00e3o"},"content":{"rendered":"<div id=\"articleBy\">\n<p><strong><a href=\"http:\/\/graphein.tempsite.ws\/novosite\/wp-content\/uploads\/2011\/01\/foto1.jpg\"><\/a>MARIANA VERSOLATO<\/strong><br \/>\nDE S\u00c3O PAULO<\/p>\n<p>Muitos dos sintomas s\u00e3o iguais: dificuldade de se concentrar, desorganiza\u00e7\u00e3o, esquecimento, mau desempenho na escola e problemas de relacionamento.<\/p>\n<p><a href=\"http:\/\/graphein.tempsite.ws\/novosite\/wp-content\/uploads\/2011\/01\/foto.jpg\"><img loading=\"lazy\" class=\"alignleft size-medium wp-image-2012\" title=\"foto\" src=\"http:\/\/graphein.tempsite.ws\/novosite\/wp-content\/uploads\/2011\/01\/foto-300x270.jpg\" alt=\"\" width=\"300\" height=\"270\" \/><\/a><\/p>\n<p>Por isso a dificuldade de saber se uma crian\u00e7a com dificuldade de aprendizagem tem transtorno de d\u00e9ficit de aten\u00e7\u00e3o e hiperatividade ou DPAC (dist\u00farbio do processamento auditivo central).<\/p>\n<p>O problema \u00e9 uma falha na forma como o sistema nervoso central processa o som. N\u00e3o h\u00e1 defici\u00eancia no aparelho auditivo, mas uma dificuldade para compreender o significado da mensagem.<\/p>\n<p>Nomeado oficialmente nos EUA em 1996, o dist\u00farbio ainda est\u00e1 se tornando mais conhecido por pais e professores. Segundo estudos, pode atingir at\u00e9 metade das crian\u00e7as com dificuldades de aprendizagem.<\/p>\n<p>Ainda se sabe pouco sobre causas -infec\u00e7\u00f5es no ouvido na inf\u00e2ncia est\u00e3o entre elas, mas suspeita-se tamb\u00e9m de altera\u00e7\u00f5es neurobiol\u00f3gicas gen\u00e9ticas e meningite.<\/p>\n<p>Crian\u00e7as inteligentes, interessadas e que, mesmo assim, v\u00e3o mal em v\u00e1rias mat\u00e9rias s\u00e3o candidatas a ter DPAC. \u00c9 o caso de Eduarda, 12, de Bras\u00edlia.<\/p>\n<p>A m\u00e3e, Lu\u00edsa Casado Lima, afirma que a filha sempre foi esfor\u00e7ada, mas n\u00e3o conseguia se concentrar e come\u00e7ou a cometer erros de grafia.<\/p>\n<p>Lu\u00edsa, que \u00e9 dentista, levou a filha a uma fonoaudi\u00f3loga, a um neurologista e a um ortopedista. No exame de audiometria, feito em cabine ac\u00fastica, o processamento auditivo estava alterado.<\/p>\n<p>Eduarda ouvia bem, mas n\u00e3o entendia o que era dito.<\/p>\n<p><a href=\"http:\/\/graphein.tempsite.ws\/novosite\/wp-content\/uploads\/2011\/01\/110031631.gif\"><\/a><\/p>\n<p><a href=\"http:\/\/graphein.tempsite.ws\/novosite\/wp-content\/uploads\/2011\/01\/11003163.gif\"><\/a><\/p>\n<p><a href=\"http:\/\/graphein.tempsite.ws\/novosite\/wp-content\/uploads\/2011\/01\/foto11.jpg\"><\/a><\/p>\n<\/div>\n<p><strong><img loading=\"lazy\" class=\"aligncenter size-full wp-image-2020\" title=\"11003163\" src=\"http:\/\/graphein.tempsite.ws\/novosite\/wp-content\/uploads\/2011\/01\/110031632.gif\" alt=\"\" width=\"458\" height=\"281\" \/><\/strong><\/p>\n<p><strong>MODA<\/strong><\/p>\n<p>A m\u00e3e acha que o DPAC \u00e9 moda. &#8220;Todo aluno tem alguma coisa, qualquer dificuldade \u00e9 atribu\u00edda a altera\u00e7\u00f5es.&#8221;<\/p>\n<p>O filho dela, Henrique, 10, tamb\u00e9m foi diagnosticado com o problema.<\/p>\n<p>O neuropediatra Paulo Junqueira tamb\u00e9m percebe um crescimento no n\u00famero de diagn\u00f3sticos.<\/p>\n<p>Para a fonoaudi\u00f3loga Vera L\u00facia Garcia, diretora secret\u00e1ria da Associa\u00e7\u00e3o Brasileira de Fonoaudiologia, os diagn\u00f3sticos v\u00e3o ficando mais espec\u00edficos com a evolu\u00e7\u00e3o da neuroci\u00eancia.<\/p>\n<p>&#8220;Hoje a dissemina\u00e7\u00e3o do dist\u00farbio \u00e9 maior e h\u00e1 mais recursos para avali\u00e1-lo.&#8221;<\/p>\n<p>Nicholas Araujo, 9, do Rio, tamb\u00e9m foi diagnosticado com o DPAC. A m\u00e3e, Rachel, demorou para descobrir quais eram as dificuldades.<\/p>\n<p>O que chamava a aten\u00e7\u00e3o da m\u00e3e \u00e9 que qualquer frase era interpretada ao p\u00e9 da letra. &#8220;O Nicholas n\u00e3o entendia brincadeiras, piadas, algo com duplo sentido&#8221;, diz.<\/p>\n<p>O tratamento \u00e9 feito com fonoterapia, para ajudar a crian\u00e7a a separar e entender o que ouve.<\/p>\n<p>Al\u00e9m de terem sintomas similares, o deficit de aten\u00e7\u00e3o e o dist\u00farbio auditivo podem coexistir -o que \u00e9 muito comum, segundo o neuropediatra Paulo Alves Junqueira. &#8220;\u00c9 preciso tomar muito cuidado ao colocar um r\u00f3tulo porque as caracter\u00edsticas s\u00e3o similares. H\u00e1 uma linha muito t\u00eanue entre os dois.&#8221;<\/p>\n<p>Fonte: <a href=\"http:\/\/www1.folha.uol.com.br\/equilibrioesaude\/854090-disturbio-auditivo-e-confundido-com-deficit-de-atencao.shtml\">http:\/\/www1.folha.uol.com.br\/equilibrioesaude\/854090-disturbio-auditivo-e-confundido-com-deficit-de-atencao.shtml<\/a><\/p>\n<iframe src=\"http:\/\/www.facebook.com\/plugins\/like.php?href=https%3A%2F%2Fwww.graphein.com.br%2F%3Fp%3D2011&amp;layout=standard&amp;show_faces=true&amp;width=450&amp;action=like&amp;colorscheme=light\" scrolling=\"no\" frameborder=\"0\" allowTransparency=\"true\" style=\"border:none; overflow:hidden; width:450px;margin-top:5px;\"><\/iframe>","protected":false},"excerpt":{"rendered":"<p>MARIANA VERSOLATO DE S\u00c3O PAULO Muitos dos sintomas s\u00e3o iguais: dificuldade de se concentrar, desorganiza\u00e7\u00e3o, esquecimento, mau desempenho na escola e problemas de relacionamento. Por isso a dificuldade de saber se uma crian\u00e7a com dificuldade de aprendizagem tem transtorno de d\u00e9ficit de aten\u00e7\u00e3o e hiperatividade ou DPAC (dist\u00farbio do processamento auditivo central). O problema \u00e9 [&hellip;]<\/p>\n","protected":false},"author":1,"featured_media":0,"comment_status":"open","ping_status":"open","sticky":false,"template":"","format":"standard","meta":[],"categories":[2],"tags":[],"_links":{"self":[{"href":"https:\/\/www.graphein.com.br\/index.php?rest_route=\/wp\/v2\/posts\/2011"}],"collection":[{"href":"https:\/\/www.graphein.com.br\/index.php?rest_route=\/wp\/v2\/posts"}],"about":[{"href":"https:\/\/www.graphein.com.br\/index.php?rest_route=\/wp\/v2\/types\/post"}],"author":[{"embeddable":true,"href":"https:\/\/www.graphein.com.br\/index.php?rest_route=\/wp\/v2\/users\/1"}],"replies":[{"embeddable":true,"href":"https:\/\/www.graphein.com.br\/index.php?rest_route=%2Fwp%2Fv2%2Fcomments&post=2011"}],"version-history":[{"count":0,"href":"https:\/\/www.graphein.com.br\/index.php?rest_route=\/wp\/v2\/posts\/2011\/revisions"}],"wp:attachment":[{"href":"https:\/\/www.graphein.com.br\/index.php?rest_route=%2Fwp%2Fv2%2Fmedia&parent=2011"}],"wp:term":[{"taxonomy":"category","embeddable":true,"href":"https:\/\/www.graphein.com.br\/index.php?rest_route=%2Fwp%2Fv2%2Fcategories&post=2011"},{"taxonomy":"post_tag","embeddable":true,"href":"https:\/\/www.graphein.com.br\/index.php?rest_route=%2Fwp%2Fv2%2Ftags&post=2011"}],"curies":[{"name":"wp","href":"https:\/\/api.w.org\/{rel}","templated":true}]}}