{"id":2081,"date":"2011-02-16T16:58:00","date_gmt":"2011-02-16T19:58:00","guid":{"rendered":"http:\/\/graphein.tempsite.ws\/novosite\/?p=2081"},"modified":"2011-02-16T16:58:00","modified_gmt":"2011-02-16T19:58:00","slug":"palestra-motivacional-de-luiz-eduardo-boudakian-no-colegio-graphein","status":"publish","type":"post","link":"https:\/\/www.graphein.com.br\/?p=2081","title":{"rendered":"Palestra Motivacional de Luiz Eduardo Boudakian no Col\u00e9gio Graphein"},"content":{"rendered":"<div><span style=\"font-family: Arial; color: #0000ff;\"> <\/span><\/div>\n<div><span style=\"font-family: Arial; color: #0000ff;\"> <\/span><\/div>\n<div><span style=\"font-family: Arial; color: #0000ff;\"> <\/span><\/div>\n<div><span style=\"font-family: Arial; color: #0000ff;\"> <\/span><\/div>\n<div><span style=\"font-family: Arial; color: #0000ff;\"> <\/span><\/div>\n<div><a href=\"http:\/\/graphein.tempsite.ws\/novosite\/wp-content\/uploads\/2011\/02\/DSC09649.jpg\"><\/a><span style=\"color: #000000;\"><a href=\"http:\/\/graphein.tempsite.ws\/novosite\/wp-content\/uploads\/2011\/02\/DSC096491.jpg\"><\/a><a href=\"http:\/\/graphein.tempsite.ws\/novosite\/wp-content\/uploads\/2011\/02\/DSC096492.jpg\"><img loading=\"lazy\" title=\"DSC09649\" class=\"alignleft size-medium wp-image-2089\" src=\"http:\/\/graphein.tempsite.ws\/novosite\/wp-content\/uploads\/2011\/02\/DSC096492-300x225.jpg\" alt=\"\" width=\"300\" height=\"225\" \/><\/a>Nesses tempos modernos de internet e celular, em que tudo esta no alcance de nossas m\u00e3os, muitos homens, mulheres e jovens insistem em reclamar da vida pelos motivos mais banais. Muitos desses jovens encontram solu\u00e7\u00f5es para seus problemas \u00e0s vezes n\u00e3o t\u00e3o graves, nas drogas e na viol\u00eancia. Mas quem conhece a historia de vida de Luiz Eduardo Boudakian, percebe que v\u00e1rios problemas cotidianos s\u00e3o pequenos e que podem ser solucionados.<\/span><\/div>\n<div><span style=\"color: #000000;\">Luiz Eduardo luta contra uma doen\u00e7a gen\u00e9tica rara que afeta o seu sistema nervoso central. Mas as dificuldades s\u00e3o a for\u00e7a motriz na vida de Luiz Eduardo: com o apoio de amigos e da fam\u00edlia criou o <strong>Projeto Aprendendo<\/strong> <strong>a Viver<\/strong>, uma palestra que mostra ao publico uma vis\u00e3o positiva da vida e esclarecedora sobre as dificuldades cotidianas dos deficientes f\u00edsicos. As palestras s\u00e3o ministradas de uma forma solta e bem-humorada, sem um roteiro definido e muita interatividade. Na palestra Luiz Eduardo contou casos e hist\u00f3rias envolvendo pessoas com defici\u00eancia e mostrou como eles a superaram no dia-a-dia.<\/span><\/div>\n<div><span style=\"color: #000000;\">A perseveran\u00e7a dessa pessoa iluminada fez encher os olhos de l\u00e1grimas e o cora\u00e7\u00e3o de esperan\u00e7a de todos os educadores presentes, abrindo nossas mentes para a dimens\u00e3o exata daquilo que chamamos de problema.<\/span><\/div>\n<div><span style=\"color: #000000;\"> <\/span><\/div>\n<div><span style=\"font-family: Arial;\"><span style=\"color: #000000;\"> <\/span><\/span><\/div>\n<div><span style=\"font-family: Arial; color: #0000ff;\"> <\/span><\/div>\n<div><span style=\"font-family: Arial; color: #0000ff;\"> <\/span><\/div>\n<div><span style=\"font-family: Arial; color: #0000ff;\"> <\/span><\/div>\n<div><span style=\"font-family: Arial; color: #0000ff;\"> <\/span><\/div>\n<div><span style=\"color: #000000;\"> <\/span><\/div>\n<div><span style=\"font-size: x-small;\"><strong><span style=\"color: #000000;\">Camila D&#8217;Amico<\/span><\/strong><\/span><\/div>\n<div><span style=\"font-size: x-small;\"><strong><span style=\"color: #000000;\">Coord. Pedag\u00f3gica<\/span><\/strong><\/span><\/div>\n<div><\/div>\n<div><\/div>\n<iframe src=\"http:\/\/www.facebook.com\/plugins\/like.php?href=https%3A%2F%2Fwww.graphein.com.br%2F%3Fp%3D2081&amp;layout=standard&amp;show_faces=true&amp;width=450&amp;action=like&amp;colorscheme=light\" scrolling=\"no\" frameborder=\"0\" allowTransparency=\"true\" style=\"border:none; overflow:hidden; width:450px;margin-top:5px;\"><\/iframe>","protected":false},"excerpt":{"rendered":"<p>Nesses tempos modernos de internet e celular, em que tudo esta no alcance de nossas m\u00e3os, muitos homens, mulheres e jovens insistem em reclamar da vida pelos motivos mais banais. Muitos desses jovens encontram solu\u00e7\u00f5es para seus problemas \u00e0s vezes n\u00e3o t\u00e3o graves, nas drogas e na viol\u00eancia. Mas quem conhece a historia de vida [&hellip;]<\/p>\n","protected":false},"author":1,"featured_media":0,"comment_status":"open","ping_status":"open","sticky":false,"template":"","format":"standard","meta":[],"categories":[16],"tags":[],"_links":{"self":[{"href":"https:\/\/www.graphein.com.br\/index.php?rest_route=\/wp\/v2\/posts\/2081"}],"collection":[{"href":"https:\/\/www.graphein.com.br\/index.php?rest_route=\/wp\/v2\/posts"}],"about":[{"href":"https:\/\/www.graphein.com.br\/index.php?rest_route=\/wp\/v2\/types\/post"}],"author":[{"embeddable":true,"href":"https:\/\/www.graphein.com.br\/index.php?rest_route=\/wp\/v2\/users\/1"}],"replies":[{"embeddable":true,"href":"https:\/\/www.graphein.com.br\/index.php?rest_route=%2Fwp%2Fv2%2Fcomments&post=2081"}],"version-history":[{"count":0,"href":"https:\/\/www.graphein.com.br\/index.php?rest_route=\/wp\/v2\/posts\/2081\/revisions"}],"wp:attachment":[{"href":"https:\/\/www.graphein.com.br\/index.php?rest_route=%2Fwp%2Fv2%2Fmedia&parent=2081"}],"wp:term":[{"taxonomy":"category","embeddable":true,"href":"https:\/\/www.graphein.com.br\/index.php?rest_route=%2Fwp%2Fv2%2Fcategories&post=2081"},{"taxonomy":"post_tag","embeddable":true,"href":"https:\/\/www.graphein.com.br\/index.php?rest_route=%2Fwp%2Fv2%2Ftags&post=2081"}],"curies":[{"name":"wp","href":"https:\/\/api.w.org\/{rel}","templated":true}]}}