{"id":2091,"date":"2011-02-18T09:34:01","date_gmt":"2011-02-18T12:34:01","guid":{"rendered":"http:\/\/graphein.tempsite.ws\/novosite\/?p=2091"},"modified":"2011-02-18T09:34:01","modified_gmt":"2011-02-18T12:34:01","slug":"graphein-participa-do-circuito-de-negocios-do-sebrae","status":"publish","type":"post","link":"https:\/\/www.graphein.com.br\/?p=2091","title":{"rendered":"GRAPHEIN PARTICIPA DO CIRCUITO DE NEG\u00d3CIOS DO SEBRAE"},"content":{"rendered":"<p><a href=\"http:\/\/graphein.tempsite.ws\/novosite\/wp-content\/uploads\/2011\/02\/ciesp2.jpg\"><\/a><a href=\"http:\/\/graphein.tempsite.ws\/novosite\/wp-content\/uploads\/2011\/02\/josef_laura1.jpg\"><\/a><a href=\"http:\/\/graphein.tempsite.ws\/novosite\/wp-content\/uploads\/2011\/02\/josef_laura2.jpg\"><\/a>No dia 27 de janeiro, cerca de 250 empreendedores de micro e pequenas empresas (MPEs),<a href=\"http:\/\/graphein.tempsite.ws\/novosite\/wp-content\/uploads\/2011\/02\/josef_laura4.jpg\"><img loading=\"lazy\" class=\"alignright size-medium wp-image-2102\" title=\"josef_laura\" src=\"http:\/\/graphein.tempsite.ws\/novosite\/wp-content\/uploads\/2011\/02\/josef_laura4-249x300.jpg\" alt=\"\" width=\"249\" height=\"300\" \/><\/a><a href=\"http:\/\/graphein.tempsite.ws\/novosite\/wp-content\/uploads\/2011\/02\/josef_laura3.jpg\"><\/a> reuniram-se no Circuito de Neg\u00f3cios do SEBRAE, para acompanhar a palestra \u201c<strong>Planejar para Crescer<\/strong>\u201d, interessados em melhorar seus neg\u00f3cios e tornar-se empres\u00e1rios.<\/p>\n<p>O Col\u00e9gio Graphein esteve presente no circuito, juntamente com os associados do CIESP \u2013 OESTE. Foi um evento enriquecedor, com trocas de experi\u00eancias e conhecimento.<\/p>\n<p>O Circuito de Neg\u00f3cios do SEBRAE-SP, \u00e9 uma s\u00e9rie de encontros<a href=\"http:\/\/graphein.tempsite.ws\/novosite\/wp-content\/uploads\/2011\/02\/josef_laura.jpg\"><\/a> empresariais que, desde o ano passado, percorre o Estado de S\u00e3o Paulo, levando durante o ano temas escolhidos deacordo com as principais d\u00favidas apresentadas pelos clientes dos 32 Escrit\u00f3rios Regionais da entidade na capital e no interior.<\/p>\n<iframe src=\"http:\/\/www.facebook.com\/plugins\/like.php?href=https%3A%2F%2Fwww.graphein.com.br%2F%3Fp%3D2091&amp;layout=standard&amp;show_faces=true&amp;width=450&amp;action=like&amp;colorscheme=light\" scrolling=\"no\" frameborder=\"0\" allowTransparency=\"true\" style=\"border:none; overflow:hidden; width:450px;margin-top:5px;\"><\/iframe>","protected":false},"excerpt":{"rendered":"<p>No dia 27 de janeiro, cerca de 250 empreendedores de micro e pequenas empresas (MPEs), reuniram-se no Circuito de Neg\u00f3cios do SEBRAE, para acompanhar a palestra \u201cPlanejar para Crescer\u201d, interessados em melhorar seus neg\u00f3cios e tornar-se empres\u00e1rios. O Col\u00e9gio Graphein esteve presente no circuito, juntamente com os associados do CIESP \u2013 OESTE. Foi um evento [&hellip;]<\/p>\n","protected":false},"author":1,"featured_media":0,"comment_status":"open","ping_status":"open","sticky":false,"template":"","format":"standard","meta":[],"categories":[16],"tags":[],"_links":{"self":[{"href":"https:\/\/www.graphein.com.br\/index.php?rest_route=\/wp\/v2\/posts\/2091"}],"collection":[{"href":"https:\/\/www.graphein.com.br\/index.php?rest_route=\/wp\/v2\/posts"}],"about":[{"href":"https:\/\/www.graphein.com.br\/index.php?rest_route=\/wp\/v2\/types\/post"}],"author":[{"embeddable":true,"href":"https:\/\/www.graphein.com.br\/index.php?rest_route=\/wp\/v2\/users\/1"}],"replies":[{"embeddable":true,"href":"https:\/\/www.graphein.com.br\/index.php?rest_route=%2Fwp%2Fv2%2Fcomments&post=2091"}],"version-history":[{"count":0,"href":"https:\/\/www.graphein.com.br\/index.php?rest_route=\/wp\/v2\/posts\/2091\/revisions"}],"wp:attachment":[{"href":"https:\/\/www.graphein.com.br\/index.php?rest_route=%2Fwp%2Fv2%2Fmedia&parent=2091"}],"wp:term":[{"taxonomy":"category","embeddable":true,"href":"https:\/\/www.graphein.com.br\/index.php?rest_route=%2Fwp%2Fv2%2Fcategories&post=2091"},{"taxonomy":"post_tag","embeddable":true,"href":"https:\/\/www.graphein.com.br\/index.php?rest_route=%2Fwp%2Fv2%2Ftags&post=2091"}],"curies":[{"name":"wp","href":"https:\/\/api.w.org\/{rel}","templated":true}]}}