{"id":2122,"date":"2011-03-11T10:45:40","date_gmt":"2011-03-11T13:45:40","guid":{"rendered":"http:\/\/graphein.tempsite.ws\/novosite\/?p=2122"},"modified":"2011-03-11T10:45:40","modified_gmt":"2011-03-11T13:45:40","slug":"rumo-ao-mercado-de-trabalho","status":"publish","type":"post","link":"https:\/\/www.graphein.com.br\/?p=2122","title":{"rendered":"RUMO AO MERCADO DE TRABALHO"},"content":{"rendered":"<p>\u00a0A <strong>FEBRABAN<\/strong> \u2013 Federa\u00e7\u00e3o Brasileira de Bancos \u2013 \u00e9 a principal entidade representativa do setor banc\u00e1rio brasileiro. Foi fundada em 1967, na cidade de S\u00e3o Paulo, com o compromisso de fortalecer o sistema financeiro em suas rela\u00e7\u00f5es com a sociedade e contribuir para o desenvolvimento econ\u00f4mico, social e sustent\u00e1vel do pa\u00eds.<\/p>\n<p>Em parceria com o movimento da <strong>DIVERSIDADE<\/strong> estudantes do curso de <strong>Qualifica\u00e7\u00e3o Profissional <\/strong>do Col\u00e9gio Graphein<strong> <\/strong>foram inscritos no Programa FEBRABAN de Capacita\u00e7\u00e3o de Pessoas com defici\u00eancia.\u00a0<\/p>\n<p>O objetivo do col\u00e9gio \u00e9 promover a possibilidade de trabalho em um ambiente inclusivo, com diversidade de pessoas e de ideias, acreditando na presen\u00e7a de criatividade e toler\u00e2ncia entre as pessoas.<\/p>\n<p>Desejamos aos inscritos boa sorte!!!<\/p>\n<p>Camila D\u2019Amico<\/p>\n<p>Coord. Pedag\u00f3gica<\/p>\n<iframe src=\"http:\/\/www.facebook.com\/plugins\/like.php?href=https%3A%2F%2Fwww.graphein.com.br%2F%3Fp%3D2122&amp;layout=standard&amp;show_faces=true&amp;width=450&amp;action=like&amp;colorscheme=light\" scrolling=\"no\" frameborder=\"0\" allowTransparency=\"true\" style=\"border:none; overflow:hidden; width:450px;margin-top:5px;\"><\/iframe>","protected":false},"excerpt":{"rendered":"<p>\u00a0A FEBRABAN \u2013 Federa\u00e7\u00e3o Brasileira de Bancos \u2013 \u00e9 a principal entidade representativa do setor banc\u00e1rio brasileiro. Foi fundada em 1967, na cidade de S\u00e3o Paulo, com o compromisso de fortalecer o sistema financeiro em suas rela\u00e7\u00f5es com a sociedade e contribuir para o desenvolvimento econ\u00f4mico, social e sustent\u00e1vel do pa\u00eds. Em parceria com o [&hellip;]<\/p>\n","protected":false},"author":1,"featured_media":0,"comment_status":"open","ping_status":"open","sticky":false,"template":"","format":"standard","meta":[],"categories":[16],"tags":[],"_links":{"self":[{"href":"https:\/\/www.graphein.com.br\/index.php?rest_route=\/wp\/v2\/posts\/2122"}],"collection":[{"href":"https:\/\/www.graphein.com.br\/index.php?rest_route=\/wp\/v2\/posts"}],"about":[{"href":"https:\/\/www.graphein.com.br\/index.php?rest_route=\/wp\/v2\/types\/post"}],"author":[{"embeddable":true,"href":"https:\/\/www.graphein.com.br\/index.php?rest_route=\/wp\/v2\/users\/1"}],"replies":[{"embeddable":true,"href":"https:\/\/www.graphein.com.br\/index.php?rest_route=%2Fwp%2Fv2%2Fcomments&post=2122"}],"version-history":[{"count":0,"href":"https:\/\/www.graphein.com.br\/index.php?rest_route=\/wp\/v2\/posts\/2122\/revisions"}],"wp:attachment":[{"href":"https:\/\/www.graphein.com.br\/index.php?rest_route=%2Fwp%2Fv2%2Fmedia&parent=2122"}],"wp:term":[{"taxonomy":"category","embeddable":true,"href":"https:\/\/www.graphein.com.br\/index.php?rest_route=%2Fwp%2Fv2%2Fcategories&post=2122"},{"taxonomy":"post_tag","embeddable":true,"href":"https:\/\/www.graphein.com.br\/index.php?rest_route=%2Fwp%2Fv2%2Ftags&post=2122"}],"curies":[{"name":"wp","href":"https:\/\/api.w.org\/{rel}","templated":true}]}}