{"id":2125,"date":"2011-03-11T19:25:13","date_gmt":"2011-03-11T22:25:13","guid":{"rendered":"http:\/\/graphein.tempsite.ws\/novosite\/?p=2125"},"modified":"2011-03-11T19:25:13","modified_gmt":"2011-03-11T22:25:13","slug":"estados-fisicos-da-materia","status":"publish","type":"post","link":"https:\/\/www.graphein.com.br\/?p=2125","title":{"rendered":"Estados F\u00edsicos da Mat\u00e9ria"},"content":{"rendered":"<p><a href=\"http:\/\/graphein.tempsite.ws\/novosite\/wp-content\/uploads\/2011\/03\/DSC05282.jpg\"><img loading=\"lazy\" class=\"alignleft size-thumbnail wp-image-2126\" title=\"DSC05282\" src=\"http:\/\/graphein.tempsite.ws\/novosite\/wp-content\/uploads\/2011\/03\/DSC05282-150x150.jpg\" alt=\"\" width=\"150\" height=\"150\" \/><\/a>Estudantes da turma <span style=\"text-decoration: underline;\">\u00a0Atenas<\/span> realizaram pesquisa sobre os estados f\u00edsicos da mat\u00e9ria.<\/p>\n<p>A busca por curiosidades motivou o grupo de alunos que trouxeram\u00a0 al\u00e9m da\u00a0 pesquisa\u00a0 escrita v\u00e1rias ilustra\u00e7\u00f5es.\u00a0 Em roda de conversa a Prof\u00aa. Beatriz(respons\u00e1vel pela \u00e1rea de Qu\u00edmica) percebeu grande interesse do grupo em discutir o 4\u00ba estado f\u00edsico da mat\u00e9ria: <strong><strong>o plasma.<\/strong><\/strong><\/p>\n<p>Ap\u00f3s a fase inicial de pesquisa o trabalho perseguiu com a realiza\u00e7\u00e3o de discuss\u00f5es e debates.<\/p>\n<p><strong><strong>Quantas descobertas!!!<\/strong><\/strong><\/p>\n<p>As imagens do trabalho demonstram e confirmam o bom desempenho da turma Atenas.<\/p>\n<p style=\"text-align: center;\">\u00a0<a href=\"http:\/\/graphein.tempsite.ws\/novosite\/wp-content\/uploads\/2011\/03\/DSC05289.jpg\"><img loading=\"lazy\" class=\"aligncenter size-medium wp-image-2127\" title=\"DSC05289\" src=\"http:\/\/graphein.tempsite.ws\/novosite\/wp-content\/uploads\/2011\/03\/DSC05289-300x200.jpg\" alt=\"\" width=\"300\" height=\"200\" \/><\/a><\/p>\n<p>Camila D&#8217;Amico<\/p>\n<p>Coord. Pedag\u00f3gica<\/p>\n<iframe src=\"http:\/\/www.facebook.com\/plugins\/like.php?href=https%3A%2F%2Fwww.graphein.com.br%2F%3Fp%3D2125&amp;layout=standard&amp;show_faces=true&amp;width=450&amp;action=like&amp;colorscheme=light\" scrolling=\"no\" frameborder=\"0\" allowTransparency=\"true\" style=\"border:none; overflow:hidden; width:450px;margin-top:5px;\"><\/iframe>","protected":false},"excerpt":{"rendered":"<p>Estudantes da turma \u00a0Atenas realizaram pesquisa sobre os estados f\u00edsicos da mat\u00e9ria. A busca por curiosidades motivou o grupo de alunos que trouxeram\u00a0 al\u00e9m da\u00a0 pesquisa\u00a0 escrita v\u00e1rias ilustra\u00e7\u00f5es.\u00a0 Em roda de conversa a Prof\u00aa. Beatriz(respons\u00e1vel pela \u00e1rea de Qu\u00edmica) percebeu grande interesse do grupo em discutir o 4\u00ba estado f\u00edsico da mat\u00e9ria: o plasma. [&hellip;]<\/p>\n","protected":false},"author":1,"featured_media":0,"comment_status":"open","ping_status":"open","sticky":false,"template":"","format":"standard","meta":[],"categories":[16],"tags":[],"_links":{"self":[{"href":"https:\/\/www.graphein.com.br\/index.php?rest_route=\/wp\/v2\/posts\/2125"}],"collection":[{"href":"https:\/\/www.graphein.com.br\/index.php?rest_route=\/wp\/v2\/posts"}],"about":[{"href":"https:\/\/www.graphein.com.br\/index.php?rest_route=\/wp\/v2\/types\/post"}],"author":[{"embeddable":true,"href":"https:\/\/www.graphein.com.br\/index.php?rest_route=\/wp\/v2\/users\/1"}],"replies":[{"embeddable":true,"href":"https:\/\/www.graphein.com.br\/index.php?rest_route=%2Fwp%2Fv2%2Fcomments&post=2125"}],"version-history":[{"count":0,"href":"https:\/\/www.graphein.com.br\/index.php?rest_route=\/wp\/v2\/posts\/2125\/revisions"}],"wp:attachment":[{"href":"https:\/\/www.graphein.com.br\/index.php?rest_route=%2Fwp%2Fv2%2Fmedia&parent=2125"}],"wp:term":[{"taxonomy":"category","embeddable":true,"href":"https:\/\/www.graphein.com.br\/index.php?rest_route=%2Fwp%2Fv2%2Fcategories&post=2125"},{"taxonomy":"post_tag","embeddable":true,"href":"https:\/\/www.graphein.com.br\/index.php?rest_route=%2Fwp%2Fv2%2Ftags&post=2125"}],"curies":[{"name":"wp","href":"https:\/\/api.w.org\/{rel}","templated":true}]}}