{"id":2130,"date":"2011-03-14T14:35:20","date_gmt":"2011-03-14T17:35:20","guid":{"rendered":"http:\/\/graphein.tempsite.ws\/novosite\/?p=2130"},"modified":"2011-03-14T14:35:20","modified_gmt":"2011-03-14T17:35:20","slug":"acolher-ou-adaptar","status":"publish","type":"post","link":"https:\/\/www.graphein.com.br\/?p=2130","title":{"rendered":"Acolher ou adaptar?"},"content":{"rendered":"<p><a href=\"http:\/\/graphein.tempsite.ws\/novosite\/wp-content\/uploads\/2011\/03\/Foto_acolhimento41.jpg\"><img loading=\"lazy\" class=\"alignleft size-medium wp-image-2132\" title=\"Foto_acolhimento4\" src=\"http:\/\/graphein.tempsite.ws\/novosite\/wp-content\/uploads\/2011\/03\/Foto_acolhimento41-300x166.jpg\" alt=\"\" width=\"300\" height=\"166\" \/><\/a><\/p>\n<p>Ao pensarmos na palavra acolher, temos a id\u00e9ia de hospitalidade, de querer que o outro se sinta bem em determinado lugar. Nesse sentido, acolher significa preocupar-se com o outro, ou seja, pr\u00e9-ocupar-se do outro, planejar situa\u00e7\u00f5es para o bem estar daquele que ser\u00e1 acolhido.<\/p>\n<p>E no momento de adapta\u00e7\u00e3o inicial a institui\u00e7\u00e3o, todos devem ser acolhidos, porque todos<a href=\"http:\/\/graphein.tempsite.ws\/novosite\/wp-content\/uploads\/2011\/03\/Foto_acolhimento21.jpg\"><img loading=\"lazy\" class=\"alignright size-thumbnail wp-image-2134\" title=\"Foto_acolhimento2\" src=\"http:\/\/graphein.tempsite.ws\/novosite\/wp-content\/uploads\/2011\/03\/Foto_acolhimento21-150x150.jpg\" alt=\"\" width=\"150\" height=\"150\" \/><\/a><a href=\"http:\/\/graphein.tempsite.ws\/novosite\/wp-content\/uploads\/2011\/03\/Foto_acolhimento2.jpg\"><\/a> est\u00e3o se adaptando. A crian\u00e7a, que passa por um momento importante de transi\u00e7\u00e3o entre sua forma pr\u00f3pria de viver a vida para conviver em um espa\u00e7o coletivo; as fam\u00edlias, que muitas vezes se sentem inseguras sobre o tratamento que ser\u00e1 dado a seus filhos e ao aprendizado que ser\u00e1 promovido na institui\u00e7\u00e3o; e os educadores, que est\u00e3o conhecendo novas hist\u00f3rias de crian\u00e7as e fam\u00edlias, as quais lidar\u00e1 durante o ano.<\/p>\n<p>Isso exige do Col\u00e9gio Graphein\u00a0um olhar sens\u00edvel a demanda de todos aqueles que est\u00e3o passando por esse momento. E s\u00e3o as respostas a essas demandas que v\u00e3o revelar a maturidade profissional da equipe.<\/p>\n<p>De qualquer maneira, \u00e9 importante lembrar que esse momento\u00a0\u00e9 estrat\u00e9gico para que os v\u00ednculos de confian\u00e7a entre crian\u00e7as, fam\u00edlias e profissionais se estabele\u00e7am. Da\u00ed a import\u00e2ncia da institui\u00e7\u00e3o mostrar que tem um projeto educativo consciente e consistente para os alunos.<\/p>\n<p>Valorizamos a possibilidade de aprendizagem que esse per\u00edodo gera nas crian\u00e7as. Ao <a href=\"http:\/\/graphein.tempsite.ws\/novosite\/wp-content\/uploads\/2011\/03\/Foto_acolhimento3.jpg\"><img loading=\"lazy\" class=\"alignleft size-thumbnail wp-image-2135\" title=\"Foto_acolhimento3\" src=\"http:\/\/graphein.tempsite.ws\/novosite\/wp-content\/uploads\/2011\/03\/Foto_acolhimento3-150x150.jpg\" alt=\"\" width=\"150\" height=\"150\" \/><\/a>perceber que o adulto considera os seus sentimentos e de seus colegas, que ela \u00e9 valorizada em seus medos e inseguran\u00e7as, a crian\u00e7a vai aprendendo a estabelecer uma rela\u00e7\u00e3o mais humanizadora com as outras.<\/p>\n<p>Por fim, esse per\u00edodo \u00e9 de adapta\u00e7\u00e3o, mas uma adapta\u00e7\u00e3o acolhedora revela a todos os que est\u00e3o ali envolvidos que eles s\u00e3o sujeitos que merecem considera\u00e7\u00e3o e respeito, o que \u00e9 o\u00a0 principio para uma educa\u00e7\u00e3o mais humanizada e pautada pelo direito de todos.<\/p>\n<p>Camila D&#8217;Amico<\/p>\n<p>Coord. Pedag\u00f3gica<\/p>\n<div><span style=\"font-family: &amp;amp;quot; font-size: 12pt; mso-fareast-font-family: 'Times New Roman'; mso-fareast-language: PT-BR;\">\u00a0<\/span><\/div>\n<div><span style=\"font-family: &amp;amp;quot; font-size: 12pt; mso-fareast-font-family: 'Times New Roman'; mso-fareast-language: PT-BR;\"><\/span><\/div>\n<p><span style=\"font-family: &amp;amp;quot; font-size: 12pt; mso-fareast-font-family: 'Times New Roman'; mso-fareast-language: PT-BR;\"><\/p>\n<p class=\"MsoNormal\" style=\"line-height: normal; margin: 0cm 0cm 0pt;\">\n<p class=\"MsoNormal\" style=\"text-align: justify; line-height: normal; margin: 0cm 0cm 0pt;\"><span style=\"font-family: &amp;amp;quot; font-size: 13.5pt; mso-fareast-font-family: 'Times New Roman'; mso-fareast-language: PT-BR;\">\u00a0<\/span><span style=\"font-family: &amp;amp;quot; font-size: 12pt; mso-fareast-font-family: 'Times New Roman'; mso-fareast-language: PT-BR;\">\u00a0<\/span><\/p>\n<p>\u00a0<\/p>\n<p class=\"MsoNormal\" style=\"text-align: justify; line-height: normal; margin: 0cm 0cm 0pt;\">\u00a0<\/p>\n<p>\u00a0<\/p>\n<p><\/span><\/p>\n<iframe src=\"http:\/\/www.facebook.com\/plugins\/like.php?href=https%3A%2F%2Fwww.graphein.com.br%2F%3Fp%3D2130&amp;layout=standard&amp;show_faces=true&amp;width=450&amp;action=like&amp;colorscheme=light\" scrolling=\"no\" frameborder=\"0\" allowTransparency=\"true\" style=\"border:none; overflow:hidden; width:450px;margin-top:5px;\"><\/iframe>","protected":false},"excerpt":{"rendered":"<p>Ao pensarmos na palavra acolher, temos a id\u00e9ia de hospitalidade, de querer que o outro se sinta bem em determinado lugar. Nesse sentido, acolher significa preocupar-se com o outro, ou seja, pr\u00e9-ocupar-se do outro, planejar situa\u00e7\u00f5es para o bem estar daquele que ser\u00e1 acolhido. E no momento de adapta\u00e7\u00e3o inicial a institui\u00e7\u00e3o, todos devem ser [&hellip;]<\/p>\n","protected":false},"author":1,"featured_media":0,"comment_status":"open","ping_status":"open","sticky":false,"template":"","format":"standard","meta":[],"categories":[2],"tags":[],"_links":{"self":[{"href":"https:\/\/www.graphein.com.br\/index.php?rest_route=\/wp\/v2\/posts\/2130"}],"collection":[{"href":"https:\/\/www.graphein.com.br\/index.php?rest_route=\/wp\/v2\/posts"}],"about":[{"href":"https:\/\/www.graphein.com.br\/index.php?rest_route=\/wp\/v2\/types\/post"}],"author":[{"embeddable":true,"href":"https:\/\/www.graphein.com.br\/index.php?rest_route=\/wp\/v2\/users\/1"}],"replies":[{"embeddable":true,"href":"https:\/\/www.graphein.com.br\/index.php?rest_route=%2Fwp%2Fv2%2Fcomments&post=2130"}],"version-history":[{"count":0,"href":"https:\/\/www.graphein.com.br\/index.php?rest_route=\/wp\/v2\/posts\/2130\/revisions"}],"wp:attachment":[{"href":"https:\/\/www.graphein.com.br\/index.php?rest_route=%2Fwp%2Fv2%2Fmedia&parent=2130"}],"wp:term":[{"taxonomy":"category","embeddable":true,"href":"https:\/\/www.graphein.com.br\/index.php?rest_route=%2Fwp%2Fv2%2Fcategories&post=2130"},{"taxonomy":"post_tag","embeddable":true,"href":"https:\/\/www.graphein.com.br\/index.php?rest_route=%2Fwp%2Fv2%2Ftags&post=2130"}],"curies":[{"name":"wp","href":"https:\/\/api.w.org\/{rel}","templated":true}]}}