{"id":2152,"date":"2011-03-24T10:58:29","date_gmt":"2011-03-24T13:58:29","guid":{"rendered":"http:\/\/graphein.tempsite.ws\/novosite\/?p=2152"},"modified":"2011-03-24T10:58:29","modified_gmt":"2011-03-24T13:58:29","slug":"escola-leva-carnaval-para-a-sala-de-aula-e-estimula-aprendizado","status":"publish","type":"post","link":"https:\/\/www.graphein.com.br\/?p=2152","title":{"rendered":"Escola leva Carnaval para a sala de aula e estimula aprendizado"},"content":{"rendered":"<p><a href=\"http:\/\/graphein.tempsite.ws\/novosite\/wp-content\/uploads\/2011\/03\/DSC05758.jpg\"><img loading=\"lazy\" class=\"alignleft size-thumbnail wp-image-2153\" title=\"DSC05758\" src=\"http:\/\/graphein.tempsite.ws\/novosite\/wp-content\/uploads\/2011\/03\/DSC05758-150x150.jpg\" alt=\"\" width=\"150\" height=\"150\" \/><\/a>Alunos da Educa\u00e7\u00e3o Infantil e Ensino Fundamental trocaram as disciplinas do curr\u00edculo escolar por baile de Carnaval. Mas eles n\u00e3o ca\u00edram na folia impunemente. O Col\u00e9gio Graphein se preocupou com o car\u00e1ter pedag\u00f3gico deste projeto.<\/p>\n<p>Os estudantes pesquisaram a hist\u00f3ria do Carnaval, escreveram suas pr\u00f3prias marchinhas, confeccionaram instrumentos musicais, m\u00e1scaras e colares carnavalescos.<\/p>\n<p style=\"text-align: justify;\">O Carnaval atualmente \u00e9 conhecido pela imagem do trio el\u00e9trico, e aqui as crian\u00e7as e adolescentes ampliaram o repert\u00f3rio com as\u00a0marchinhas que s\u00e3o pouco divulgadas pela m\u00eddia.<\/p>\n<p>No dia 04\/03, os estudantes com suas caprichadas fantasias, participaram do animado baile de Carnaval promovido pelo col\u00e9gio.<a href=\"http:\/\/graphein.tempsite.ws\/novosite\/wp-content\/uploads\/2011\/03\/DSC05759.jpg\"><img loading=\"lazy\" class=\"alignright size-thumbnail wp-image-2154\" title=\"DSC05759\" src=\"http:\/\/graphein.tempsite.ws\/novosite\/wp-content\/uploads\/2011\/03\/DSC05759-150x150.jpg\" alt=\"\" width=\"150\" height=\"150\" \/><\/a><\/p>\n<p style=\"text-align: justify;\">A quadra foi enfeitada com m\u00e1scaras e pain\u00e9is feitos pelos pr\u00f3prios alunos e, ao som de tradicionais m\u00fasicas carnavalescas, as crian\u00e7as dan\u00e7aram e brincaram, com confetes e serpentinas.<\/p>\n<p>\u00a0Confira os momentos de alegria!!!<\/p>\n<p>Camila D&#8217;Amico<\/p>\n<p>Coord. Pedag\u00f3gica<\/p>\n<iframe src=\"http:\/\/www.facebook.com\/plugins\/like.php?href=https%3A%2F%2Fwww.graphein.com.br%2F%3Fp%3D2152&amp;layout=standard&amp;show_faces=true&amp;width=450&amp;action=like&amp;colorscheme=light\" scrolling=\"no\" frameborder=\"0\" allowTransparency=\"true\" style=\"border:none; overflow:hidden; width:450px;margin-top:5px;\"><\/iframe>","protected":false},"excerpt":{"rendered":"<p>Alunos da Educa\u00e7\u00e3o Infantil e Ensino Fundamental trocaram as disciplinas do curr\u00edculo escolar por baile de Carnaval. Mas eles n\u00e3o ca\u00edram na folia impunemente. O Col\u00e9gio Graphein se preocupou com o car\u00e1ter pedag\u00f3gico deste projeto. Os estudantes pesquisaram a hist\u00f3ria do Carnaval, escreveram suas pr\u00f3prias marchinhas, confeccionaram instrumentos musicais, m\u00e1scaras e colares carnavalescos. O Carnaval [&hellip;]<\/p>\n","protected":false},"author":1,"featured_media":0,"comment_status":"open","ping_status":"open","sticky":false,"template":"","format":"standard","meta":[],"categories":[16],"tags":[],"_links":{"self":[{"href":"https:\/\/www.graphein.com.br\/index.php?rest_route=\/wp\/v2\/posts\/2152"}],"collection":[{"href":"https:\/\/www.graphein.com.br\/index.php?rest_route=\/wp\/v2\/posts"}],"about":[{"href":"https:\/\/www.graphein.com.br\/index.php?rest_route=\/wp\/v2\/types\/post"}],"author":[{"embeddable":true,"href":"https:\/\/www.graphein.com.br\/index.php?rest_route=\/wp\/v2\/users\/1"}],"replies":[{"embeddable":true,"href":"https:\/\/www.graphein.com.br\/index.php?rest_route=%2Fwp%2Fv2%2Fcomments&post=2152"}],"version-history":[{"count":0,"href":"https:\/\/www.graphein.com.br\/index.php?rest_route=\/wp\/v2\/posts\/2152\/revisions"}],"wp:attachment":[{"href":"https:\/\/www.graphein.com.br\/index.php?rest_route=%2Fwp%2Fv2%2Fmedia&parent=2152"}],"wp:term":[{"taxonomy":"category","embeddable":true,"href":"https:\/\/www.graphein.com.br\/index.php?rest_route=%2Fwp%2Fv2%2Fcategories&post=2152"},{"taxonomy":"post_tag","embeddable":true,"href":"https:\/\/www.graphein.com.br\/index.php?rest_route=%2Fwp%2Fv2%2Ftags&post=2152"}],"curies":[{"name":"wp","href":"https:\/\/api.w.org\/{rel}","templated":true}]}}