{"id":2188,"date":"2011-04-27T18:11:29","date_gmt":"2011-04-27T21:11:29","guid":{"rendered":"http:\/\/graphein.tempsite.ws\/novosite\/?p=2188"},"modified":"2011-04-27T18:11:29","modified_gmt":"2011-04-27T21:11:29","slug":"a-arte-no-espaco-educativo","status":"publish","type":"post","link":"https:\/\/www.graphein.com.br\/?p=2188","title":{"rendered":"A arte no espa\u00e7o educativo"},"content":{"rendered":"<div>\u00a0<\/div>\n<p style=\"text-align: justify;\"><span style=\"color: #000000;\"><a href=\"http:\/\/graphein.tempsite.ws\/novosite\/wp-content\/uploads\/2011\/04\/P4200039.jpg\"><img loading=\"lazy\" class=\"alignleft size-thumbnail wp-image-2189\" title=\"OLYMPUS DIGITAL CAMERA\" src=\"http:\/\/graphein.tempsite.ws\/novosite\/wp-content\/uploads\/2011\/04\/P4200039-150x150.jpg\" alt=\"\" width=\"150\" height=\"150\" \/><\/a>Acreditamos que \u00e9 atrav\u00e9s do espa\u00e7o educativo que se possa efetivamente dar uma contribui\u00e7\u00e3o no sentido de possibilitar o acesso \u00e0 arte a uma grande maioria de crian\u00e7as e jovens. <\/span><\/p>\n<p style=\"text-align: justify;\"><span style=\"color: #000000;\">Sendo a escola o primeiro espa\u00e7o formal onde se d\u00e1 o desenvolvimento de cidad\u00e3os, nada melhor que por a\u00ed se d\u00ea o contato sistematizado com o universo art\u00edstico e suas linguagens: artes visuais, teatro, dan\u00e7a, m\u00fasica e literatura. <\/span><\/p>\n<p style=\"text-align: justify;\"><span style=\"color: #000000;\">No Col\u00e9gio Graphien\u00a0a sala de aula \u00e9 o espelho do atelier do artista ou do laborat\u00f3rio do cientista. Neles s\u00e3o<a href=\"http:\/\/graphein.tempsite.ws\/novosite\/wp-content\/uploads\/2011\/04\/P42000021.jpg\"><img loading=\"lazy\" class=\"alignright size-thumbnail wp-image-2191\" title=\"OLYMPUS DIGITAL CAMERA\" src=\"http:\/\/graphein.tempsite.ws\/novosite\/wp-content\/uploads\/2011\/04\/P42000021-150x150.jpg\" alt=\"\" width=\"150\" height=\"150\" \/><\/a> desenvolvidas pesquisas, t\u00e9cnicas s\u00e3o criadas e recriadas, e o processo criador toma forma de maneira viva, din\u00e2mica. A pesquisa e a constru\u00e7\u00e3o do conhecimento \u00e9 um valor tanto para o educador quanto para o educando, rompendo com a rela\u00e7\u00e3o sujeito\/objeto do ensino tradicional. Este processo \u00e9 desafiador. Delimite-se o ponto de partida e o ponto de chegada ser\u00e1 resultante da experimenta\u00e7\u00e3o. Dessa forma, o ensino da arte \u00e9\u00a0intimamente ligado ao interesse de quem aprende. <\/span><\/p>\n<p style=\"text-align: justify;\">\n<p style=\"text-align: justify;\"><span style=\"color: #000000;\">Atrav\u00e9s do fazer, do apreciar e do contextualizar, crian\u00e7as e jovens abrem espa\u00e7os para novas possibilidades na arte, almejando novas possibilidades de vida. <\/span><\/p>\n<p style=\"text-align: justify;\"><span style=\"color: #3333ff;\"><br \/>\n<span style=\"color: #000000;\">Camila D&#8217;Amico<\/span><\/span><\/p>\n<p style=\"text-align: justify;\"><span style=\"color: #000000;\">Coord. Pedag\u00f3gica<br \/>\n<\/span><\/p>\n<iframe src=\"http:\/\/www.facebook.com\/plugins\/like.php?href=https%3A%2F%2Fwww.graphein.com.br%2F%3Fp%3D2188&amp;layout=standard&amp;show_faces=true&amp;width=450&amp;action=like&amp;colorscheme=light\" scrolling=\"no\" frameborder=\"0\" allowTransparency=\"true\" style=\"border:none; overflow:hidden; width:450px;margin-top:5px;\"><\/iframe>","protected":false},"excerpt":{"rendered":"<p>\u00a0 Acreditamos que \u00e9 atrav\u00e9s do espa\u00e7o educativo que se possa efetivamente dar uma contribui\u00e7\u00e3o no sentido de possibilitar o acesso \u00e0 arte a uma grande maioria de crian\u00e7as e jovens. Sendo a escola o primeiro espa\u00e7o formal onde se d\u00e1 o desenvolvimento de cidad\u00e3os, nada melhor que por a\u00ed se d\u00ea o contato sistematizado [&hellip;]<\/p>\n","protected":false},"author":1,"featured_media":0,"comment_status":"open","ping_status":"open","sticky":false,"template":"","format":"standard","meta":[],"categories":[16],"tags":[],"_links":{"self":[{"href":"https:\/\/www.graphein.com.br\/index.php?rest_route=\/wp\/v2\/posts\/2188"}],"collection":[{"href":"https:\/\/www.graphein.com.br\/index.php?rest_route=\/wp\/v2\/posts"}],"about":[{"href":"https:\/\/www.graphein.com.br\/index.php?rest_route=\/wp\/v2\/types\/post"}],"author":[{"embeddable":true,"href":"https:\/\/www.graphein.com.br\/index.php?rest_route=\/wp\/v2\/users\/1"}],"replies":[{"embeddable":true,"href":"https:\/\/www.graphein.com.br\/index.php?rest_route=%2Fwp%2Fv2%2Fcomments&post=2188"}],"version-history":[{"count":0,"href":"https:\/\/www.graphein.com.br\/index.php?rest_route=\/wp\/v2\/posts\/2188\/revisions"}],"wp:attachment":[{"href":"https:\/\/www.graphein.com.br\/index.php?rest_route=%2Fwp%2Fv2%2Fmedia&parent=2188"}],"wp:term":[{"taxonomy":"category","embeddable":true,"href":"https:\/\/www.graphein.com.br\/index.php?rest_route=%2Fwp%2Fv2%2Fcategories&post=2188"},{"taxonomy":"post_tag","embeddable":true,"href":"https:\/\/www.graphein.com.br\/index.php?rest_route=%2Fwp%2Fv2%2Ftags&post=2188"}],"curies":[{"name":"wp","href":"https:\/\/api.w.org\/{rel}","templated":true}]}}