{"id":2193,"date":"2011-04-27T18:20:05","date_gmt":"2011-04-27T21:20:05","guid":{"rendered":"http:\/\/graphein.tempsite.ws\/novosite\/?p=2193"},"modified":"2011-04-27T18:20:05","modified_gmt":"2011-04-27T21:20:05","slug":"pascoa-na-escola-que-tom-ela-tem","status":"publish","type":"post","link":"https:\/\/www.graphein.com.br\/?p=2193","title":{"rendered":"P\u00e1scoa na escola: que tom ela tem?"},"content":{"rendered":"<div style=\"text-align: justify;\"><a href=\"http:\/\/graphein.tempsite.ws\/novosite\/wp-content\/uploads\/2011\/04\/1-8.jpg\"><img loading=\"lazy\" class=\"alignleft size-thumbnail wp-image-2194\" title=\"OLYMPUS DIGITAL CAMERA\" src=\"http:\/\/graphein.tempsite.ws\/novosite\/wp-content\/uploads\/2011\/04\/1-8-150x150.jpg\" alt=\"\" width=\"150\" height=\"150\" \/><\/a>A celebra\u00e7\u00e3o foi tratada de forma l\u00fadica e profunda, evitando-se excessos religiosos e sem que os estudantes s\u00f3 aprendam sobre ovos e coelhinhos.<\/div>\n<div style=\"text-align: justify;\">Tratamos os s\u00edmbolos da P\u00e1scoa n\u00e3o do ponto de vista religioso, mas sim do curioso!!!<\/div>\n<div style=\"text-align: justify;\">A programa\u00e7\u00e3o ficou por conta de cada turma, assistiram filmes, cantaram m\u00fasicas relacionadas \u00e0 p\u00e1scoa, preparam receitas deliciosas, pesquisaram curiosidades da comemora\u00e7\u00e3o em diferentes pa\u00edses, al\u00e9m das brincadeiras da festividade.<\/div>\n<div style=\"text-align: justify;\"><\/div>\n<div style=\"text-align: justify;\"><strong>&#8220;A verdadeira P\u00e1scoa est\u00e1 na capacidade de cada pessoa viver sua op\u00e7\u00e3o de f\u00e9!&#8221;<\/strong><\/div>\n<div><\/div>\n<div><\/div>\n<div>\n<div>Camila D&#8217;Amico<br \/>\nCoord. Pedag\u00f3gica<\/div>\n<\/div>\n<iframe src=\"http:\/\/www.facebook.com\/plugins\/like.php?href=https%3A%2F%2Fwww.graphein.com.br%2F%3Fp%3D2193&amp;layout=standard&amp;show_faces=true&amp;width=450&amp;action=like&amp;colorscheme=light\" scrolling=\"no\" frameborder=\"0\" allowTransparency=\"true\" style=\"border:none; overflow:hidden; width:450px;margin-top:5px;\"><\/iframe>","protected":false},"excerpt":{"rendered":"<p>A celebra\u00e7\u00e3o foi tratada de forma l\u00fadica e profunda, evitando-se excessos religiosos e sem que os estudantes s\u00f3 aprendam sobre ovos e coelhinhos. Tratamos os s\u00edmbolos da P\u00e1scoa n\u00e3o do ponto de vista religioso, mas sim do curioso!!! A programa\u00e7\u00e3o ficou por conta de cada turma, assistiram filmes, cantaram m\u00fasicas relacionadas \u00e0 p\u00e1scoa, preparam receitas [&hellip;]<\/p>\n","protected":false},"author":1,"featured_media":0,"comment_status":"open","ping_status":"open","sticky":false,"template":"","format":"standard","meta":[],"categories":[16],"tags":[],"_links":{"self":[{"href":"https:\/\/www.graphein.com.br\/index.php?rest_route=\/wp\/v2\/posts\/2193"}],"collection":[{"href":"https:\/\/www.graphein.com.br\/index.php?rest_route=\/wp\/v2\/posts"}],"about":[{"href":"https:\/\/www.graphein.com.br\/index.php?rest_route=\/wp\/v2\/types\/post"}],"author":[{"embeddable":true,"href":"https:\/\/www.graphein.com.br\/index.php?rest_route=\/wp\/v2\/users\/1"}],"replies":[{"embeddable":true,"href":"https:\/\/www.graphein.com.br\/index.php?rest_route=%2Fwp%2Fv2%2Fcomments&post=2193"}],"version-history":[{"count":0,"href":"https:\/\/www.graphein.com.br\/index.php?rest_route=\/wp\/v2\/posts\/2193\/revisions"}],"wp:attachment":[{"href":"https:\/\/www.graphein.com.br\/index.php?rest_route=%2Fwp%2Fv2%2Fmedia&parent=2193"}],"wp:term":[{"taxonomy":"category","embeddable":true,"href":"https:\/\/www.graphein.com.br\/index.php?rest_route=%2Fwp%2Fv2%2Fcategories&post=2193"},{"taxonomy":"post_tag","embeddable":true,"href":"https:\/\/www.graphein.com.br\/index.php?rest_route=%2Fwp%2Fv2%2Ftags&post=2193"}],"curies":[{"name":"wp","href":"https:\/\/api.w.org\/{rel}","templated":true}]}}