{"id":2475,"date":"2011-10-05T12:57:41","date_gmt":"2011-10-05T15:57:41","guid":{"rendered":"http:\/\/graphein.tempsite.ws\/novosite\/?p=2475"},"modified":"2011-10-05T12:57:41","modified_gmt":"2011-10-05T15:57:41","slug":"livros-que-divertem-e-educam","status":"publish","type":"post","link":"https:\/\/www.graphein.com.br\/?p=2475","title":{"rendered":"Livros que divertem e educam"},"content":{"rendered":"<p>A<strong> Feira do Livro<\/strong> no Col\u00e9gio Graphein \u00e9 um evento especial. Nas depend\u00eancias do col\u00e9gio, estudantes tem acesso a diferentes obras liter\u00e1rias, al\u00e9m da mostra pedag\u00f3gica realizada por cada turma.<\/p>\n<p>A feira tem como objetivo abrir espa\u00e7o para que toda a comunidade escolar tenham acesso \u00e0s obras liter\u00e1rias, manifesta\u00e7\u00f5es art\u00edsticas e apresenta\u00e7\u00f5es de trabalhos desenvolvidos pelos estudantes do col\u00e9gio.<\/p>\n<p>A Mostra Pedag\u00f3gica apresentou os principais trabalhos desenvolvidos pelos estudantes de Educa\u00e7\u00e3o Infantil ao Ensino M\u00e9dio,\u00a0durante o 1\u00ba semestre do ano letivo. Entre os temas: Literatura Nacional, \u00c1lbum de Figurinhas, Auto Biografia, etc.<\/p>\n<p><strong><span style=\"text-decoration: underline;\">Um momento especial neste evento:<\/span><\/strong> Manh\u00e3 de aut\u00f3grafos realizado pelo estudante Masanori &#8211; autor do lirvo &#8220;Almanaque Kaleido-Rider&#8221;<\/p>\n<p>Uma escola de sucesso pode ser avaliada pela sua capacidade de promover h\u00e1bitos de leitura entre os alunos.<\/p>\n\n<iframe src=\"http:\/\/www.facebook.com\/plugins\/like.php?href=https%3A%2F%2Fwww.graphein.com.br%2F%3Fp%3D2475&amp;layout=standard&amp;show_faces=true&amp;width=450&amp;action=like&amp;colorscheme=light\" scrolling=\"no\" frameborder=\"0\" allowTransparency=\"true\" style=\"border:none; overflow:hidden; width:450px;margin-top:5px;\"><\/iframe>","protected":false},"excerpt":{"rendered":"<p>A Feira do Livro no Col\u00e9gio Graphein \u00e9 um evento especial. Nas depend\u00eancias do col\u00e9gio, estudantes tem acesso a diferentes obras liter\u00e1rias, al\u00e9m da mostra pedag\u00f3gica realizada por cada turma. A feira tem como objetivo abrir espa\u00e7o para que toda a comunidade escolar tenham acesso \u00e0s obras liter\u00e1rias, manifesta\u00e7\u00f5es art\u00edsticas e apresenta\u00e7\u00f5es de trabalhos desenvolvidos [&hellip;]<\/p>\n","protected":false},"author":1,"featured_media":0,"comment_status":"open","ping_status":"open","sticky":false,"template":"","format":"standard","meta":[],"categories":[2],"tags":[],"_links":{"self":[{"href":"https:\/\/www.graphein.com.br\/index.php?rest_route=\/wp\/v2\/posts\/2475"}],"collection":[{"href":"https:\/\/www.graphein.com.br\/index.php?rest_route=\/wp\/v2\/posts"}],"about":[{"href":"https:\/\/www.graphein.com.br\/index.php?rest_route=\/wp\/v2\/types\/post"}],"author":[{"embeddable":true,"href":"https:\/\/www.graphein.com.br\/index.php?rest_route=\/wp\/v2\/users\/1"}],"replies":[{"embeddable":true,"href":"https:\/\/www.graphein.com.br\/index.php?rest_route=%2Fwp%2Fv2%2Fcomments&post=2475"}],"version-history":[{"count":0,"href":"https:\/\/www.graphein.com.br\/index.php?rest_route=\/wp\/v2\/posts\/2475\/revisions"}],"wp:attachment":[{"href":"https:\/\/www.graphein.com.br\/index.php?rest_route=%2Fwp%2Fv2%2Fmedia&parent=2475"}],"wp:term":[{"taxonomy":"category","embeddable":true,"href":"https:\/\/www.graphein.com.br\/index.php?rest_route=%2Fwp%2Fv2%2Fcategories&post=2475"},{"taxonomy":"post_tag","embeddable":true,"href":"https:\/\/www.graphein.com.br\/index.php?rest_route=%2Fwp%2Fv2%2Ftags&post=2475"}],"curies":[{"name":"wp","href":"https:\/\/api.w.org\/{rel}","templated":true}]}}