{"id":260,"date":"2010-09-14T15:39:53","date_gmt":"2010-09-14T18:39:53","guid":{"rendered":"http:\/\/graphein.tempsite.ws\/novosite\/?p=260"},"modified":"2010-09-14T15:39:53","modified_gmt":"2010-09-14T18:39:53","slug":"arraial-do-graphein-diverte-alunos-e-familiares","status":"publish","type":"post","link":"https:\/\/www.graphein.com.br\/?p=260","title":{"rendered":"Arraial do Graphein diverte alunos e familiares"},"content":{"rendered":"<p style=\"text-align: justify;\"><a href=\"http:\/\/graphein.tempsite.ws\/novosite\/wp-content\/uploads\/2010\/08\/Foto_Not\u00edcia2.jpg\"><img loading=\"lazy\" class=\"alignleft size-medium wp-image-247\" title=\"Foto_Not\u00edcia2\" src=\"http:\/\/graphein.tempsite.ws\/novosite\/wp-content\/uploads\/2010\/08\/Foto_Not\u00edcia2-300x225.jpg\" alt=\"\" width=\"300\" height=\"225\" \/><\/a>Quando  chega o m\u00eas de junho, todos j\u00e1 sabem: S\u00e3o Jo\u00e3o vem a\u00ed. \u00c9 hora de  preparar os chap\u00e9us de palha e as bandeirolas; convidar os compadres e  comadres para dan\u00e7ar quadrilha, acender a fogueira e se esbaldar de  tanto comer pipoca, cocada e p\u00e9-de-moleque.<\/p>\n<p style=\"text-align: justify;\">E aqui  no Col\u00e9gio Graphein n\u00e3o seria diferente, a escola realizou no s\u00e1bado, 06  de junho, uma divertida festa junina para seus alunos e familiares.  Tivemos na programa\u00e7\u00e3o da festa: m\u00fasica ao vivo, apresenta\u00e7\u00e3o de  capoeira, jogos, brincadeiras, barraquinhas e comidas t\u00edpicas.<\/p>\n<p style=\"text-align: justify;\">As  atividades pedag\u00f3gicas foram escolhidas para valorizar os ricos aspectos  da nossa cultura popular. Desenvolvemos e combinamos as atividades da  melhor maneira, para atender \u00e0s diferentes faixas et\u00e1rias.<\/p>\n<p style=\"text-align: justify;\">O  evento foi realizado pelos alunos da manh\u00e3, e no dia que antecedeu as  f\u00e9rias de agosto, os estudantes da tarde participaram de um evento  especial, promovido pelo Col\u00e9gio Graphein \u2013 assim como organizou esta  super atra\u00e7\u00e3o para os alunos da manh\u00e3.<\/p>\n<p style=\"text-align: justify;\">A festa junina foi um sucesso! De p\u00fablico e participa\u00e7\u00e3o.<\/p>\n<iframe src=\"http:\/\/www.facebook.com\/plugins\/like.php?href=https%3A%2F%2Fwww.graphein.com.br%2F%3Fp%3D260&amp;layout=standard&amp;show_faces=true&amp;width=450&amp;action=like&amp;colorscheme=light\" scrolling=\"no\" frameborder=\"0\" allowTransparency=\"true\" style=\"border:none; overflow:hidden; width:450px;margin-top:5px;\"><\/iframe>","protected":false},"excerpt":{"rendered":"<p>Quando chega o m\u00eas de junho, todos j\u00e1 sabem: S\u00e3o Jo\u00e3o vem a\u00ed. \u00c9 hora de preparar os chap\u00e9us de palha e as bandeirolas; convidar os compadres e comadres para dan\u00e7ar quadrilha, acender a fogueira e se esbaldar de tanto comer pipoca, cocada e p\u00e9-de-moleque. E aqui no Col\u00e9gio Graphein n\u00e3o seria diferente, a escola [&hellip;]<\/p>\n","protected":false},"author":1,"featured_media":0,"comment_status":"open","ping_status":"open","sticky":false,"template":"","format":"standard","meta":[],"categories":[16],"tags":[],"_links":{"self":[{"href":"https:\/\/www.graphein.com.br\/index.php?rest_route=\/wp\/v2\/posts\/260"}],"collection":[{"href":"https:\/\/www.graphein.com.br\/index.php?rest_route=\/wp\/v2\/posts"}],"about":[{"href":"https:\/\/www.graphein.com.br\/index.php?rest_route=\/wp\/v2\/types\/post"}],"author":[{"embeddable":true,"href":"https:\/\/www.graphein.com.br\/index.php?rest_route=\/wp\/v2\/users\/1"}],"replies":[{"embeddable":true,"href":"https:\/\/www.graphein.com.br\/index.php?rest_route=%2Fwp%2Fv2%2Fcomments&post=260"}],"version-history":[{"count":0,"href":"https:\/\/www.graphein.com.br\/index.php?rest_route=\/wp\/v2\/posts\/260\/revisions"}],"wp:attachment":[{"href":"https:\/\/www.graphein.com.br\/index.php?rest_route=%2Fwp%2Fv2%2Fmedia&parent=260"}],"wp:term":[{"taxonomy":"category","embeddable":true,"href":"https:\/\/www.graphein.com.br\/index.php?rest_route=%2Fwp%2Fv2%2Fcategories&post=260"},{"taxonomy":"post_tag","embeddable":true,"href":"https:\/\/www.graphein.com.br\/index.php?rest_route=%2Fwp%2Fv2%2Ftags&post=260"}],"curies":[{"name":"wp","href":"https:\/\/api.w.org\/{rel}","templated":true}]}}