{"id":2609,"date":"2011-12-14T13:56:45","date_gmt":"2011-12-14T16:56:45","guid":{"rendered":"http:\/\/graphein.tempsite.ws\/novosite\/?p=2609"},"modified":"2011-12-14T13:56:45","modified_gmt":"2011-12-14T16:56:45","slug":"mostra-de-arte-2011","status":"publish","type":"post","link":"https:\/\/www.graphein.com.br\/?p=2609","title":{"rendered":"MOSTRA DE ARTE &#8211; 2011"},"content":{"rendered":"<p>Atrav\u00e9s da percep\u00e7\u00e3o art\u00edstica \u00e9 poss\u00edvel desenvolver o senso cr\u00edtico, est\u00e9tico e a curiosidade, ampliando assim o ato da cria\u00e7\u00e3o. Com isso, as aulas de artes servem para desenvolver o cognitivo das crian\u00e7as ajudando-as em outras \u00e1reas de conhecimento.<br \/>\nCom o intuito de fazer com que as crian\u00e7as e adolescentes entrem em contato com a arte cada vez mais, o Col\u00e9gio Graphein promoveu uma exposi\u00e7\u00e3o das obras feitas pelos pr\u00f3prios estudantes, reconhecendo o poder art\u00edstico que h\u00e1 dentro de cada um deles.<br \/>\nNesta Mostra, produ\u00e7\u00f5es sem palavras podiam ser vistas atrav\u00e9s das colagens, pinturas, fantoches, esculturas e desenhos: trabalhos originados do contato com diferentes materiais, aliado ao conhecimento art\u00edstico e \u00e0 sensibilidade.<\/p>\n<p>Camila D\u2019Amico<br \/>\nCoord. Pedag\u00f3gica<\/p>\n\n<iframe src=\"http:\/\/www.facebook.com\/plugins\/like.php?href=https%3A%2F%2Fwww.graphein.com.br%2F%3Fp%3D2609&amp;layout=standard&amp;show_faces=true&amp;width=450&amp;action=like&amp;colorscheme=light\" scrolling=\"no\" frameborder=\"0\" allowTransparency=\"true\" style=\"border:none; overflow:hidden; width:450px;margin-top:5px;\"><\/iframe>","protected":false},"excerpt":{"rendered":"<p>Atrav\u00e9s da percep\u00e7\u00e3o art\u00edstica \u00e9 poss\u00edvel desenvolver o senso cr\u00edtico, est\u00e9tico e a curiosidade, ampliando assim o ato da cria\u00e7\u00e3o. Com isso, as aulas de artes servem para desenvolver o cognitivo das crian\u00e7as ajudando-as em outras \u00e1reas de conhecimento. Com o intuito de fazer com que as crian\u00e7as e adolescentes entrem em contato com a [&hellip;]<\/p>\n","protected":false},"author":1,"featured_media":0,"comment_status":"open","ping_status":"open","sticky":false,"template":"","format":"standard","meta":[],"categories":[16],"tags":[],"_links":{"self":[{"href":"https:\/\/www.graphein.com.br\/index.php?rest_route=\/wp\/v2\/posts\/2609"}],"collection":[{"href":"https:\/\/www.graphein.com.br\/index.php?rest_route=\/wp\/v2\/posts"}],"about":[{"href":"https:\/\/www.graphein.com.br\/index.php?rest_route=\/wp\/v2\/types\/post"}],"author":[{"embeddable":true,"href":"https:\/\/www.graphein.com.br\/index.php?rest_route=\/wp\/v2\/users\/1"}],"replies":[{"embeddable":true,"href":"https:\/\/www.graphein.com.br\/index.php?rest_route=%2Fwp%2Fv2%2Fcomments&post=2609"}],"version-history":[{"count":0,"href":"https:\/\/www.graphein.com.br\/index.php?rest_route=\/wp\/v2\/posts\/2609\/revisions"}],"wp:attachment":[{"href":"https:\/\/www.graphein.com.br\/index.php?rest_route=%2Fwp%2Fv2%2Fmedia&parent=2609"}],"wp:term":[{"taxonomy":"category","embeddable":true,"href":"https:\/\/www.graphein.com.br\/index.php?rest_route=%2Fwp%2Fv2%2Fcategories&post=2609"},{"taxonomy":"post_tag","embeddable":true,"href":"https:\/\/www.graphein.com.br\/index.php?rest_route=%2Fwp%2Fv2%2Ftags&post=2609"}],"curies":[{"name":"wp","href":"https:\/\/api.w.org\/{rel}","templated":true}]}}