{"id":271,"date":"2010-09-17T17:26:05","date_gmt":"2010-09-17T20:26:05","guid":{"rendered":"http:\/\/graphein.tempsite.ws\/novosite\/?p=271"},"modified":"2010-09-17T17:26:05","modified_gmt":"2010-09-17T20:26:05","slug":"entretenimento-no-colegio-graphein","status":"publish","type":"post","link":"https:\/\/www.graphein.com.br\/?p=271","title":{"rendered":"Entretenimento no Col\u00e9gio Graphein"},"content":{"rendered":"<p style=\"text-align: justify;\"><a href=\"http:\/\/graphein.tempsite.ws\/novosite\/wp-content\/uploads\/2010\/09\/Foto_Not\u00edcia3_new.jpg\"><img loading=\"lazy\" title=\"Foto_Not\u00edcia3_new\" class=\"alignleft size-medium wp-image-542\" src=\"http:\/\/graphein.tempsite.ws\/novosite\/wp-content\/uploads\/2010\/09\/Foto_Not\u00edcia3_new-300x204.jpg\" alt=\"\" width=\"300\" height=\"204\" \/><\/a>Com o objetivo de despertar para a arte nossos estudantes do N\u00edvel I e Qualifica\u00e7\u00e3o Profissional, programamos uma visita ao Teatro Brigadeiro, para assistirmos ao espet\u00e1culo &#8220;O M\u00e1gico de Oz\u201d.<\/p>\n<p style=\"text-align: justify;\">O incr\u00edvel musical conta a hist\u00f3ria de Dorothy, uma garotinha que mora em uma fazenda no Kansas, interior dos Estados Unidos, e um dia \u00e9 levada com seu c\u00e3ozinho Tot\u00f3 para uma terra m\u00e1gica e distante, al\u00e9m do arco-\u00edris: a terra de Oz. Em sua jornada pela estrada de Tijolos Amarelos, a personagem vive muitas aventuras e faz tr\u00eas novos amigos: o Espantalho, o Le\u00e3o e o Homem Lata. Eles seguem juntos ao encontro do M\u00e1gico de Oz em busca da realiza\u00e7\u00e3o dos seus sonhos.<\/p>\n<p style=\"text-align: justify;\">O passeio foi uma verdadeira euforia desde a entrada do \u00f4nibus. Quando come\u00e7ou a pe\u00e7a, os estudantes j\u00e1 estavam acomodados e, atentamente, observaram cada detalhe. Foi incr\u00edvel olhar para eles e perceber a euforia e a alegria de cada um, cantando e participando deste lindo espet\u00e1culo. Ao final do musical nossos estudantes encontraram personagens da pe\u00e7a que atenderam a todos os pedidos da garotada.<\/p>\n<p style=\"text-align: justify;\">Agradecemos pela parceria dos Pais, cooperando conosco para promover essa atividade cultural aos estudantes do Graphein.<\/p>\n<p style=\"text-align: justify;\">Camila D Amico<\/p>\n<p style=\"text-align: justify;\">Coord. Pedag\u00f3gica.<\/p>\n<iframe src=\"http:\/\/www.facebook.com\/plugins\/like.php?href=https%3A%2F%2Fwww.graphein.com.br%2F%3Fp%3D271&amp;layout=standard&amp;show_faces=true&amp;width=450&amp;action=like&amp;colorscheme=light\" scrolling=\"no\" frameborder=\"0\" allowTransparency=\"true\" style=\"border:none; overflow:hidden; width:450px;margin-top:5px;\"><\/iframe>","protected":false},"excerpt":{"rendered":"<p>Com o objetivo de despertar para a arte nossos estudantes do N\u00edvel I e Qualifica\u00e7\u00e3o Profissional, programamos uma visita ao Teatro Brigadeiro, para assistirmos ao espet\u00e1culo &#8220;O M\u00e1gico de Oz\u201d. O incr\u00edvel musical conta a hist\u00f3ria de Dorothy, uma garotinha que mora em uma fazenda no Kansas, interior dos Estados Unidos, e um dia \u00e9 [&hellip;]<\/p>\n","protected":false},"author":1,"featured_media":0,"comment_status":"open","ping_status":"open","sticky":false,"template":"","format":"standard","meta":[],"categories":[16],"tags":[],"_links":{"self":[{"href":"https:\/\/www.graphein.com.br\/index.php?rest_route=\/wp\/v2\/posts\/271"}],"collection":[{"href":"https:\/\/www.graphein.com.br\/index.php?rest_route=\/wp\/v2\/posts"}],"about":[{"href":"https:\/\/www.graphein.com.br\/index.php?rest_route=\/wp\/v2\/types\/post"}],"author":[{"embeddable":true,"href":"https:\/\/www.graphein.com.br\/index.php?rest_route=\/wp\/v2\/users\/1"}],"replies":[{"embeddable":true,"href":"https:\/\/www.graphein.com.br\/index.php?rest_route=%2Fwp%2Fv2%2Fcomments&post=271"}],"version-history":[{"count":0,"href":"https:\/\/www.graphein.com.br\/index.php?rest_route=\/wp\/v2\/posts\/271\/revisions"}],"wp:attachment":[{"href":"https:\/\/www.graphein.com.br\/index.php?rest_route=%2Fwp%2Fv2%2Fmedia&parent=271"}],"wp:term":[{"taxonomy":"category","embeddable":true,"href":"https:\/\/www.graphein.com.br\/index.php?rest_route=%2Fwp%2Fv2%2Fcategories&post=271"},{"taxonomy":"post_tag","embeddable":true,"href":"https:\/\/www.graphein.com.br\/index.php?rest_route=%2Fwp%2Fv2%2Ftags&post=271"}],"curies":[{"name":"wp","href":"https:\/\/api.w.org\/{rel}","templated":true}]}}