{"id":278,"date":"2009-08-14T17:28:34","date_gmt":"2009-08-14T20:28:34","guid":{"rendered":"http:\/\/graphein.tempsite.ws\/novosite\/?p=278"},"modified":"2009-08-14T17:28:34","modified_gmt":"2009-08-14T20:28:34","slug":"troca-entre-educadores-e-desafios-para-o-futuro","status":"publish","type":"post","link":"https:\/\/www.graphein.com.br\/?p=278","title":{"rendered":"Troca entre educadores e desafios para o futuro"},"content":{"rendered":"<p style=\"text-align: justify;\"><a href=\"http:\/\/graphein.tempsite.ws\/novosite\/wp-content\/uploads\/2010\/09\/Foto_Not\u00edcia5.jpg\"><img loading=\"lazy\" class=\"alignleft size-medium wp-image-279\" title=\"Foto_Not\u00edcia5\" src=\"http:\/\/graphein.tempsite.ws\/novosite\/wp-content\/uploads\/2010\/09\/Foto_Not\u00edcia5-300x225.jpg\" alt=\"\" width=\"300\" height=\"225\" \/><\/a>Durante a Jornada de Planejamento (jul\/09), educadores do Col\u00e9gio Graphein se reuniram com o objetivo de proporcionar a reflex\u00e3o sobre as a\u00e7\u00f5es educativas e sociais ao longo do ano, por meio de palestras e debates.<\/p>\n<p style=\"text-align: justify;\">O processo de forma\u00e7\u00e3o profissional foi rico e diversificado e contou a participa\u00e7\u00e3o de todo o corpo docente.<\/p>\n<p style=\"text-align: justify;\">Preocupar-se com a forma\u00e7\u00e3o e o desenvolvimento de seus profissionais, reflete o cuidado, a aten\u00e7\u00e3o e a dedica\u00e7\u00e3o que o col\u00e9gio tem, n\u00e3o apenas com seus educadores, mas tamb\u00e9m com seu grupo de estudantes.<\/p>\n<p style=\"text-align: justify;\">\n<p style=\"text-align: justify;\">Camila D\u2019 Amico,<\/p>\n<p style=\"text-align: justify;\">Coord. Pedag\u00f3gica<\/p>\n<iframe src=\"http:\/\/www.facebook.com\/plugins\/like.php?href=https%3A%2F%2Fwww.graphein.com.br%2F%3Fp%3D278&amp;layout=standard&amp;show_faces=true&amp;width=450&amp;action=like&amp;colorscheme=light\" scrolling=\"no\" frameborder=\"0\" allowTransparency=\"true\" style=\"border:none; overflow:hidden; width:450px;margin-top:5px;\"><\/iframe>","protected":false},"excerpt":{"rendered":"<p>Durante a Jornada de Planejamento (jul\/09), educadores do Col\u00e9gio Graphein se reuniram com o objetivo de proporcionar a reflex\u00e3o sobre as a\u00e7\u00f5es educativas e sociais ao longo do ano, por meio de palestras e debates. O processo de forma\u00e7\u00e3o profissional foi rico e diversificado e contou a participa\u00e7\u00e3o de todo o corpo docente. Preocupar-se com [&hellip;]<\/p>\n","protected":false},"author":1,"featured_media":0,"comment_status":"open","ping_status":"open","sticky":false,"template":"","format":"standard","meta":[],"categories":[16],"tags":[],"_links":{"self":[{"href":"https:\/\/www.graphein.com.br\/index.php?rest_route=\/wp\/v2\/posts\/278"}],"collection":[{"href":"https:\/\/www.graphein.com.br\/index.php?rest_route=\/wp\/v2\/posts"}],"about":[{"href":"https:\/\/www.graphein.com.br\/index.php?rest_route=\/wp\/v2\/types\/post"}],"author":[{"embeddable":true,"href":"https:\/\/www.graphein.com.br\/index.php?rest_route=\/wp\/v2\/users\/1"}],"replies":[{"embeddable":true,"href":"https:\/\/www.graphein.com.br\/index.php?rest_route=%2Fwp%2Fv2%2Fcomments&post=278"}],"version-history":[{"count":0,"href":"https:\/\/www.graphein.com.br\/index.php?rest_route=\/wp\/v2\/posts\/278\/revisions"}],"wp:attachment":[{"href":"https:\/\/www.graphein.com.br\/index.php?rest_route=%2Fwp%2Fv2%2Fmedia&parent=278"}],"wp:term":[{"taxonomy":"category","embeddable":true,"href":"https:\/\/www.graphein.com.br\/index.php?rest_route=%2Fwp%2Fv2%2Fcategories&post=278"},{"taxonomy":"post_tag","embeddable":true,"href":"https:\/\/www.graphein.com.br\/index.php?rest_route=%2Fwp%2Fv2%2Ftags&post=278"}],"curies":[{"name":"wp","href":"https:\/\/api.w.org\/{rel}","templated":true}]}}