{"id":288,"date":"2009-08-14T12:12:51","date_gmt":"2009-08-14T15:12:51","guid":{"rendered":"http:\/\/graphein.tempsite.ws\/novosite\/?p=288"},"modified":"2009-08-14T12:12:51","modified_gmt":"2009-08-14T15:12:51","slug":"colcha-de-retalhos","status":"publish","type":"post","link":"https:\/\/www.graphein.com.br\/?p=288","title":{"rendered":"Colcha de retalhos"},"content":{"rendered":"<p style=\"text-align: justify;\"><a href=\"http:\/\/graphein.tempsite.ws\/novosite\/wp-content\/uploads\/2010\/09\/Foto_Not\u00edcia6.jpg\"><img loading=\"lazy\" class=\"alignleft size-medium wp-image-289\" title=\"Foto_Not\u00edcia6\" src=\"http:\/\/graphein.tempsite.ws\/novosite\/wp-content\/uploads\/2010\/09\/Foto_Not\u00edcia6-300x225.jpg\" alt=\"\" width=\"300\" height=\"225\" \/><\/a>Faz parte de nossas Rodas de Hist\u00f3rias a marcante colcha de retalhos da \u00e9poca de nossos av\u00f3s.<\/p>\n<p style=\"text-align: justify;\">\u201cUm espa\u00e7o para troca de id\u00e9ias que se contam, cada um de seu jeito,respeitando todos os estudantes que participam.Para ela girar precisamos da for\u00e7a de todos juntos! Desta vez, a participa\u00e7\u00e3o foi da turma da CARTAGO\u201d &#8211; Prof. Fabiana.<\/p>\n<p style=\"text-align: justify;\">Todos participaram com muita empolga\u00e7\u00e3o, contaram belas hist\u00f3rias olhando para os olhos dos ouvintes e levaram livros para continuar lendo em casa.<\/p>\n<p style=\"text-align: justify;\">Acreditamos que esse projeto seja um exerc\u00edcio de cidadania, direito inalien\u00e1vel de todos.<\/p>\n<p style=\"text-align: justify;\">\n<p style=\"text-align: justify;\">Camila D\u2019Amico,<\/p>\n<p style=\"text-align: justify;\">Coord. Pedag\u00f3gica.<\/p>\n<iframe src=\"http:\/\/www.facebook.com\/plugins\/like.php?href=https%3A%2F%2Fwww.graphein.com.br%2F%3Fp%3D288&amp;layout=standard&amp;show_faces=true&amp;width=450&amp;action=like&amp;colorscheme=light\" scrolling=\"no\" frameborder=\"0\" allowTransparency=\"true\" style=\"border:none; overflow:hidden; width:450px;margin-top:5px;\"><\/iframe>","protected":false},"excerpt":{"rendered":"<p>Faz parte de nossas Rodas de Hist\u00f3rias a marcante colcha de retalhos da \u00e9poca de nossos av\u00f3s. \u201cUm espa\u00e7o para troca de id\u00e9ias que se contam, cada um de seu jeito,respeitando todos os estudantes que participam.Para ela girar precisamos da for\u00e7a de todos juntos! Desta vez, a participa\u00e7\u00e3o foi da turma da CARTAGO\u201d &#8211; Prof. [&hellip;]<\/p>\n","protected":false},"author":1,"featured_media":0,"comment_status":"open","ping_status":"open","sticky":false,"template":"","format":"standard","meta":[],"categories":[16],"tags":[],"_links":{"self":[{"href":"https:\/\/www.graphein.com.br\/index.php?rest_route=\/wp\/v2\/posts\/288"}],"collection":[{"href":"https:\/\/www.graphein.com.br\/index.php?rest_route=\/wp\/v2\/posts"}],"about":[{"href":"https:\/\/www.graphein.com.br\/index.php?rest_route=\/wp\/v2\/types\/post"}],"author":[{"embeddable":true,"href":"https:\/\/www.graphein.com.br\/index.php?rest_route=\/wp\/v2\/users\/1"}],"replies":[{"embeddable":true,"href":"https:\/\/www.graphein.com.br\/index.php?rest_route=%2Fwp%2Fv2%2Fcomments&post=288"}],"version-history":[{"count":0,"href":"https:\/\/www.graphein.com.br\/index.php?rest_route=\/wp\/v2\/posts\/288\/revisions"}],"wp:attachment":[{"href":"https:\/\/www.graphein.com.br\/index.php?rest_route=%2Fwp%2Fv2%2Fmedia&parent=288"}],"wp:term":[{"taxonomy":"category","embeddable":true,"href":"https:\/\/www.graphein.com.br\/index.php?rest_route=%2Fwp%2Fv2%2Fcategories&post=288"},{"taxonomy":"post_tag","embeddable":true,"href":"https:\/\/www.graphein.com.br\/index.php?rest_route=%2Fwp%2Fv2%2Ftags&post=288"}],"curies":[{"name":"wp","href":"https:\/\/api.w.org\/{rel}","templated":true}]}}