{"id":2970,"date":"2012-05-03T10:42:09","date_gmt":"2012-05-03T13:42:09","guid":{"rendered":"http:\/\/graphein.tempsite.ws\/novosite\/?p=2970"},"modified":"2012-05-03T10:42:09","modified_gmt":"2012-05-03T13:42:09","slug":"baile-de-carnaval-agita-o-colegio-graphein","status":"publish","type":"post","link":"https:\/\/www.graphein.com.br\/?p=2970","title":{"rendered":"Baile de Carnaval agita o Col\u00e9gio Graphein"},"content":{"rendered":"<p>Durante o dia 23, o clima foi de Carnaval no Col\u00e9gio Graphein.<\/p>\n<p>Envolvemos desde a Ed. Infantil ao Ens. M\u00e9dio, al\u00e9m de professores e funcion\u00e1rios, que vestiram fantasias e se divertiram no bailinho. A celebra\u00e7\u00e3o encerrou a programa\u00e7\u00e3o especial de volta \u00e0s aulas do col\u00e9gio.<br \/>\nAo longo do m\u00eas foram realizadas atividades l\u00fadicas relativas \u00e0 tem\u00e1tica, partindo do estudo da &#8220;Hist\u00f3ria das M\u00e1scaras&#8221; realizado pela turma da \u00d4nix, orientados pela Prof. Roberta.<\/p>\n<p>Confira os momentos de empolga\u00e7\u00e3o de nossos estudantes!!!<\/p>\n<p>Camila D&#8217;Amico<br \/>\nCoord. Pedag\u00f3gica<\/p>\n\n<iframe src=\"http:\/\/www.facebook.com\/plugins\/like.php?href=https%3A%2F%2Fwww.graphein.com.br%2F%3Fp%3D2970&amp;layout=standard&amp;show_faces=true&amp;width=450&amp;action=like&amp;colorscheme=light\" scrolling=\"no\" frameborder=\"0\" allowTransparency=\"true\" style=\"border:none; overflow:hidden; width:450px;margin-top:5px;\"><\/iframe>","protected":false},"excerpt":{"rendered":"<p>Durante o dia 23, o clima foi de Carnaval no Col\u00e9gio Graphein. Envolvemos desde a Ed. Infantil ao Ens. M\u00e9dio, al\u00e9m de professores e funcion\u00e1rios, que vestiram fantasias e se divertiram no bailinho. A celebra\u00e7\u00e3o encerrou a programa\u00e7\u00e3o especial de volta \u00e0s aulas do col\u00e9gio. Ao longo do m\u00eas foram realizadas atividades l\u00fadicas relativas \u00e0 [&hellip;]<\/p>\n","protected":false},"author":1,"featured_media":0,"comment_status":"open","ping_status":"open","sticky":false,"template":"","format":"standard","meta":[],"categories":[2],"tags":[],"_links":{"self":[{"href":"https:\/\/www.graphein.com.br\/index.php?rest_route=\/wp\/v2\/posts\/2970"}],"collection":[{"href":"https:\/\/www.graphein.com.br\/index.php?rest_route=\/wp\/v2\/posts"}],"about":[{"href":"https:\/\/www.graphein.com.br\/index.php?rest_route=\/wp\/v2\/types\/post"}],"author":[{"embeddable":true,"href":"https:\/\/www.graphein.com.br\/index.php?rest_route=\/wp\/v2\/users\/1"}],"replies":[{"embeddable":true,"href":"https:\/\/www.graphein.com.br\/index.php?rest_route=%2Fwp%2Fv2%2Fcomments&post=2970"}],"version-history":[{"count":0,"href":"https:\/\/www.graphein.com.br\/index.php?rest_route=\/wp\/v2\/posts\/2970\/revisions"}],"wp:attachment":[{"href":"https:\/\/www.graphein.com.br\/index.php?rest_route=%2Fwp%2Fv2%2Fmedia&parent=2970"}],"wp:term":[{"taxonomy":"category","embeddable":true,"href":"https:\/\/www.graphein.com.br\/index.php?rest_route=%2Fwp%2Fv2%2Fcategories&post=2970"},{"taxonomy":"post_tag","embeddable":true,"href":"https:\/\/www.graphein.com.br\/index.php?rest_route=%2Fwp%2Fv2%2Ftags&post=2970"}],"curies":[{"name":"wp","href":"https:\/\/api.w.org\/{rel}","templated":true}]}}