{"id":2987,"date":"2012-05-14T13:23:59","date_gmt":"2012-05-14T16:23:59","guid":{"rendered":"http:\/\/graphein.tempsite.ws\/novosite\/?p=2987"},"modified":"2012-05-14T13:23:59","modified_gmt":"2012-05-14T16:23:59","slug":"evento-esportivo-pais-filhos","status":"publish","type":"post","link":"https:\/\/www.graphein.com.br\/?p=2987","title":{"rendered":"EVENTO ESPORTIVO &#8211; PAIS &#038; FILHOS"},"content":{"rendered":"<p>O evento esportivo surgiu a partir da id\u00e9ia do tema discutido com a equipe &#8220;Fam\u00edlia, Escola e Aprendizagens Escolares&#8221;. A programa\u00e7\u00e3o acontece em um s\u00e1bado e tem a finalidade de estreitar os la\u00e7os entre os pais, os filhos e os professores, para o desenvolvimento social e educacional das crian\u00e7as e adolescentes.<br \/>\nA proposta esportiva \u00e9 um incentivo para um trabalho focado na coopera\u00e7\u00e3o e na intera\u00e7\u00e3o de todos os participantes. Por meio deste encontro l\u00fadico promovemos um espa\u00e7o para as fam\u00edlias interagirem e refor\u00e7arem os la\u00e7os afetivos entre pais e filhos.<br \/>\nAs fam\u00edlias participaram integralmente em cada proposta sugerida pelo Prof. Rafael Castro (respons\u00e1vel pela \u00e1rea de Ed. F\u00edsica) e ficaram satisfeitas com a programa\u00e7\u00e3o de 2012.<\/p>\n<p>Camila D&#8217;Amico<br \/>\nCoord. Pedag\u00f3gica<\/p>\n\n<iframe src=\"http:\/\/www.facebook.com\/plugins\/like.php?href=https%3A%2F%2Fwww.graphein.com.br%2F%3Fp%3D2987&amp;layout=standard&amp;show_faces=true&amp;width=450&amp;action=like&amp;colorscheme=light\" scrolling=\"no\" frameborder=\"0\" allowTransparency=\"true\" style=\"border:none; overflow:hidden; width:450px;margin-top:5px;\"><\/iframe>","protected":false},"excerpt":{"rendered":"<p>O evento esportivo surgiu a partir da id\u00e9ia do tema discutido com a equipe &#8220;Fam\u00edlia, Escola e Aprendizagens Escolares&#8221;. A programa\u00e7\u00e3o acontece em um s\u00e1bado e tem a finalidade de estreitar os la\u00e7os entre os pais, os filhos e os professores, para o desenvolvimento social e educacional das crian\u00e7as e adolescentes. A proposta esportiva \u00e9 [&hellip;]<\/p>\n","protected":false},"author":1,"featured_media":0,"comment_status":"open","ping_status":"open","sticky":false,"template":"","format":"standard","meta":[],"categories":[2],"tags":[],"_links":{"self":[{"href":"https:\/\/www.graphein.com.br\/index.php?rest_route=\/wp\/v2\/posts\/2987"}],"collection":[{"href":"https:\/\/www.graphein.com.br\/index.php?rest_route=\/wp\/v2\/posts"}],"about":[{"href":"https:\/\/www.graphein.com.br\/index.php?rest_route=\/wp\/v2\/types\/post"}],"author":[{"embeddable":true,"href":"https:\/\/www.graphein.com.br\/index.php?rest_route=\/wp\/v2\/users\/1"}],"replies":[{"embeddable":true,"href":"https:\/\/www.graphein.com.br\/index.php?rest_route=%2Fwp%2Fv2%2Fcomments&post=2987"}],"version-history":[{"count":0,"href":"https:\/\/www.graphein.com.br\/index.php?rest_route=\/wp\/v2\/posts\/2987\/revisions"}],"wp:attachment":[{"href":"https:\/\/www.graphein.com.br\/index.php?rest_route=%2Fwp%2Fv2%2Fmedia&parent=2987"}],"wp:term":[{"taxonomy":"category","embeddable":true,"href":"https:\/\/www.graphein.com.br\/index.php?rest_route=%2Fwp%2Fv2%2Fcategories&post=2987"},{"taxonomy":"post_tag","embeddable":true,"href":"https:\/\/www.graphein.com.br\/index.php?rest_route=%2Fwp%2Fv2%2Ftags&post=2987"}],"curies":[{"name":"wp","href":"https:\/\/api.w.org\/{rel}","templated":true}]}}