{"id":3003,"date":"2012-05-14T13:41:35","date_gmt":"2012-05-14T16:41:35","guid":{"rendered":"http:\/\/graphein.tempsite.ws\/novosite\/?p=3003"},"modified":"2012-05-14T13:41:35","modified_gmt":"2012-05-14T16:41:35","slug":"visita-do-coelhinho-da-pascoa","status":"publish","type":"post","link":"https:\/\/www.graphein.com.br\/?p=3003","title":{"rendered":"VISITA DO COELHINHO DA P\u00c1SCOA"},"content":{"rendered":"<p>Pr\u00f3ximo a comemora\u00e7\u00e3o da P\u00e1scoa tivemos a ilustre visita do coelhinho em todas as nossas salas da Ed. Infantil e Ens. Fundamental I.<br \/>\nAntes da chegada desse carism\u00e1tico personagem, as crian\u00e7as realizaram pesquisas sobre os s\u00edmbolos da p\u00e1scoa, conheceram nas rodas de hist\u00f3rias as diferentes maneiras de comemora\u00e7\u00f5es no mundo, prepararam um ninho com deliciosas cenouras, entre outras atividades.<br \/>\nA visita contou com uma calorosa recep\u00e7\u00e3o por parte de toda crian\u00e7ada que cantaram e divertiram-se com o amig\u00e3o. E o coelho retribuiu com a distribui\u00e7\u00e3o de uma doce lembran\u00e7a \u00e0 turminha, prometendo voltar no ano que vem\u2026<\/p>\n<p>Para os mais curiosos, curtam as fotos!!!<\/p>\n<p>Camila D&#8217;Amico<br \/>\nCoord. Pedag\u00f3gica<br \/>\n<\/p>\n<iframe src=\"http:\/\/www.facebook.com\/plugins\/like.php?href=https%3A%2F%2Fwww.graphein.com.br%2F%3Fp%3D3003&amp;layout=standard&amp;show_faces=true&amp;width=450&amp;action=like&amp;colorscheme=light\" scrolling=\"no\" frameborder=\"0\" allowTransparency=\"true\" style=\"border:none; overflow:hidden; width:450px;margin-top:5px;\"><\/iframe>","protected":false},"excerpt":{"rendered":"<p>Pr\u00f3ximo a comemora\u00e7\u00e3o da P\u00e1scoa tivemos a ilustre visita do coelhinho em todas as nossas salas da Ed. Infantil e Ens. Fundamental I. Antes da chegada desse carism\u00e1tico personagem, as crian\u00e7as realizaram pesquisas sobre os s\u00edmbolos da p\u00e1scoa, conheceram nas rodas de hist\u00f3rias as diferentes maneiras de comemora\u00e7\u00f5es no mundo, prepararam um ninho com deliciosas [&hellip;]<\/p>\n","protected":false},"author":1,"featured_media":0,"comment_status":"open","ping_status":"open","sticky":false,"template":"","format":"standard","meta":[],"categories":[2],"tags":[],"_links":{"self":[{"href":"https:\/\/www.graphein.com.br\/index.php?rest_route=\/wp\/v2\/posts\/3003"}],"collection":[{"href":"https:\/\/www.graphein.com.br\/index.php?rest_route=\/wp\/v2\/posts"}],"about":[{"href":"https:\/\/www.graphein.com.br\/index.php?rest_route=\/wp\/v2\/types\/post"}],"author":[{"embeddable":true,"href":"https:\/\/www.graphein.com.br\/index.php?rest_route=\/wp\/v2\/users\/1"}],"replies":[{"embeddable":true,"href":"https:\/\/www.graphein.com.br\/index.php?rest_route=%2Fwp%2Fv2%2Fcomments&post=3003"}],"version-history":[{"count":0,"href":"https:\/\/www.graphein.com.br\/index.php?rest_route=\/wp\/v2\/posts\/3003\/revisions"}],"wp:attachment":[{"href":"https:\/\/www.graphein.com.br\/index.php?rest_route=%2Fwp%2Fv2%2Fmedia&parent=3003"}],"wp:term":[{"taxonomy":"category","embeddable":true,"href":"https:\/\/www.graphein.com.br\/index.php?rest_route=%2Fwp%2Fv2%2Fcategories&post=3003"},{"taxonomy":"post_tag","embeddable":true,"href":"https:\/\/www.graphein.com.br\/index.php?rest_route=%2Fwp%2Fv2%2Ftags&post=3003"}],"curies":[{"name":"wp","href":"https:\/\/api.w.org\/{rel}","templated":true}]}}