{"id":3054,"date":"2012-05-28T14:51:47","date_gmt":"2012-05-28T17:51:47","guid":{"rendered":"http:\/\/graphein.tempsite.ws\/novosite\/?p=3054"},"modified":"2012-05-28T14:51:47","modified_gmt":"2012-05-28T17:51:47","slug":"feira-do-livro-2012","status":"publish","type":"post","link":"https:\/\/www.graphein.com.br\/?p=3054","title":{"rendered":"FEIRA DO LIVRO &#8211; 2012"},"content":{"rendered":"<p>Todos que a visitaram fizeram um passeio pelo mundo da imagina\u00e7\u00e3o das crian\u00e7as\/adolescentes e vivenciaram a arte em diversas formas.<\/p>\n<p>De um mundo feito de texturas a uma viagem biografica sobre Millor Fernandes, os visitantes puderam conhecer o resultado de muitos trabalhos em que os alunos se envolveram com entusiasmo.<\/p>\n<p>A Feira no Col\u00e9gio Graphein proporcionou ao visitantes stands bastante diferenciados, no qual familiares e amigos puderam conhecer os projetos dos alunos desenvolvidos em sala de aula. Todos aprenderam sobre literatura, ci\u00eancias e artes por v\u00e1rios meios de express\u00e3o. <\/p>\n<p>Os visitantes  escolhiam oficinas de que participar. Escultura de Bexigas, Fashion Hair e Maquiagem Art\u00edstica, eram atividades l\u00fadicas, de pura divers\u00e3o!<br \/>\nOs projetos de escrita dos alunos revelaram importantes objetivos educacionais e, combinando pensamento cr\u00edtico e criatividade, ultrapassaram o conceito usual de \u201ctrabalho da escola.\u201d<\/p>\n<p>Confiram os momentos felizes!!!<\/p>\n<p>Camila D&#8217;Amico<br \/>\nCoord. Pedag\u00f3gica<\/p>\n\n<iframe src=\"http:\/\/www.facebook.com\/plugins\/like.php?href=https%3A%2F%2Fwww.graphein.com.br%2F%3Fp%3D3054&amp;layout=standard&amp;show_faces=true&amp;width=450&amp;action=like&amp;colorscheme=light\" scrolling=\"no\" frameborder=\"0\" allowTransparency=\"true\" style=\"border:none; overflow:hidden; width:450px;margin-top:5px;\"><\/iframe>","protected":false},"excerpt":{"rendered":"<p>Todos que a visitaram fizeram um passeio pelo mundo da imagina\u00e7\u00e3o das crian\u00e7as\/adolescentes e vivenciaram a arte em diversas formas. De um mundo feito de texturas a uma viagem biografica sobre Millor Fernandes, os visitantes puderam conhecer o resultado de muitos trabalhos em que os alunos se envolveram com entusiasmo. A Feira no Col\u00e9gio Graphein [&hellip;]<\/p>\n","protected":false},"author":1,"featured_media":0,"comment_status":"open","ping_status":"open","sticky":false,"template":"","format":"standard","meta":[],"categories":[2],"tags":[],"_links":{"self":[{"href":"https:\/\/www.graphein.com.br\/index.php?rest_route=\/wp\/v2\/posts\/3054"}],"collection":[{"href":"https:\/\/www.graphein.com.br\/index.php?rest_route=\/wp\/v2\/posts"}],"about":[{"href":"https:\/\/www.graphein.com.br\/index.php?rest_route=\/wp\/v2\/types\/post"}],"author":[{"embeddable":true,"href":"https:\/\/www.graphein.com.br\/index.php?rest_route=\/wp\/v2\/users\/1"}],"replies":[{"embeddable":true,"href":"https:\/\/www.graphein.com.br\/index.php?rest_route=%2Fwp%2Fv2%2Fcomments&post=3054"}],"version-history":[{"count":0,"href":"https:\/\/www.graphein.com.br\/index.php?rest_route=\/wp\/v2\/posts\/3054\/revisions"}],"wp:attachment":[{"href":"https:\/\/www.graphein.com.br\/index.php?rest_route=%2Fwp%2Fv2%2Fmedia&parent=3054"}],"wp:term":[{"taxonomy":"category","embeddable":true,"href":"https:\/\/www.graphein.com.br\/index.php?rest_route=%2Fwp%2Fv2%2Fcategories&post=3054"},{"taxonomy":"post_tag","embeddable":true,"href":"https:\/\/www.graphein.com.br\/index.php?rest_route=%2Fwp%2Fv2%2Ftags&post=3054"}],"curies":[{"name":"wp","href":"https:\/\/api.w.org\/{rel}","templated":true}]}}