{"id":3063,"date":"2012-05-29T11:27:45","date_gmt":"2012-05-29T14:27:45","guid":{"rendered":"http:\/\/graphein.tempsite.ws\/novosite\/?p=3063"},"modified":"2012-05-29T11:27:45","modified_gmt":"2012-05-29T14:27:45","slug":"palestra-mediadores-familia-escola","status":"publish","type":"post","link":"https:\/\/www.graphein.com.br\/?p=3063","title":{"rendered":"Palestra: MEDIADORES \u2013 Fam\u00edlia &#038; Escola"},"content":{"rendered":"<p>O Col\u00e9gio Graphein ofereceu no m\u00eas de abril aos pais de nossos estudantes um encontro para reflex\u00e3o sobre o lugar da Escola e da Fam\u00edlia como atores importantes no desenvolvimento dos jovens e crian\u00e7as. Portanto, o tema Media\u00e7\u00e3o foi abordado para que possamos juntos desenvolver o papel de mediadores junto a sociedade que vivemos.<\/p>\n<p> Contamos com a participa\u00e7\u00e3o efetiva da palestrante  Claudia Feldman \u2013 (Educadora Especial pelo Semin\u00e1rio Oranim \u2013 Israel; Psicopedagoga Cl\u00ednica e Institucional \u2013 pelo Instituto Sedes Sapientiae; Psicodramatista \u2013 pela Escola Paulista de Psicodrama; Mediadora do PEI \u2013 Programa de Enriquecimento Instrumental \u2013 n\u00edvel I e II \u2013 Israel).<\/p>\n<p>A Educa\u00e7\u00e3o poder\u00e1 ser melhorada somente quando o professor compreender que a tarefa da escola \u00e9 desenvolver as fun\u00e7\u00f5es cognitivas subjacentes do aluno ( habilidade de aprender e de se tornar um pensador aut\u00f4nomo) e sua motiva\u00e7\u00e3o intr\u00ednseca (o amor ao aprendizado e \u00e0 amplia\u00e7\u00e3o de interesses). Postura esta que seria oposta a de perpetuar a \u00eanfase  no sucesso acad\u00eamico (em testes e notas).<\/p>\n<p>A rela\u00e7\u00e3o entre pais e filhos , e  entre educadores e alunos, \u00e9 caracterizada por tr\u00eas crit\u00e9rios muito especiais. A presen\u00e7a desses crit\u00e9rios na rela\u00e7\u00e3o \u00e9 fundamental para a qualidade da media\u00e7\u00e3o:<\/p>\n<p>-Intencionalidade e reciprocidade<br \/>\n-Transcend\u00eancia<br \/>\n-Significado<\/p>\n<p>Agradecemos a participa\u00e7\u00e3o das fam\u00edlias!<\/p>\n<p>Camila D&#8217;Amico<br \/>\nCoord. Pedag\u00f3gica<\/p>\n\n<iframe src=\"http:\/\/www.facebook.com\/plugins\/like.php?href=https%3A%2F%2Fwww.graphein.com.br%2F%3Fp%3D3063&amp;layout=standard&amp;show_faces=true&amp;width=450&amp;action=like&amp;colorscheme=light\" scrolling=\"no\" frameborder=\"0\" allowTransparency=\"true\" style=\"border:none; overflow:hidden; width:450px;margin-top:5px;\"><\/iframe>","protected":false},"excerpt":{"rendered":"<p>O Col\u00e9gio Graphein ofereceu no m\u00eas de abril aos pais de nossos estudantes um encontro para reflex\u00e3o sobre o lugar da Escola e da Fam\u00edlia como atores importantes no desenvolvimento dos jovens e crian\u00e7as. Portanto, o tema Media\u00e7\u00e3o foi abordado para que possamos juntos desenvolver o papel de mediadores junto a sociedade que vivemos. Contamos [&hellip;]<\/p>\n","protected":false},"author":1,"featured_media":0,"comment_status":"open","ping_status":"open","sticky":false,"template":"","format":"standard","meta":[],"categories":[2,16],"tags":[],"_links":{"self":[{"href":"https:\/\/www.graphein.com.br\/index.php?rest_route=\/wp\/v2\/posts\/3063"}],"collection":[{"href":"https:\/\/www.graphein.com.br\/index.php?rest_route=\/wp\/v2\/posts"}],"about":[{"href":"https:\/\/www.graphein.com.br\/index.php?rest_route=\/wp\/v2\/types\/post"}],"author":[{"embeddable":true,"href":"https:\/\/www.graphein.com.br\/index.php?rest_route=\/wp\/v2\/users\/1"}],"replies":[{"embeddable":true,"href":"https:\/\/www.graphein.com.br\/index.php?rest_route=%2Fwp%2Fv2%2Fcomments&post=3063"}],"version-history":[{"count":0,"href":"https:\/\/www.graphein.com.br\/index.php?rest_route=\/wp\/v2\/posts\/3063\/revisions"}],"wp:attachment":[{"href":"https:\/\/www.graphein.com.br\/index.php?rest_route=%2Fwp%2Fv2%2Fmedia&parent=3063"}],"wp:term":[{"taxonomy":"category","embeddable":true,"href":"https:\/\/www.graphein.com.br\/index.php?rest_route=%2Fwp%2Fv2%2Fcategories&post=3063"},{"taxonomy":"post_tag","embeddable":true,"href":"https:\/\/www.graphein.com.br\/index.php?rest_route=%2Fwp%2Fv2%2Ftags&post=3063"}],"curies":[{"name":"wp","href":"https:\/\/api.w.org\/{rel}","templated":true}]}}