{"id":318,"date":"2009-10-27T15:11:17","date_gmt":"2009-10-27T18:11:17","guid":{"rendered":"http:\/\/graphein.tempsite.ws\/novosite\/?p=318"},"modified":"2009-10-27T15:11:17","modified_gmt":"2009-10-27T18:11:17","slug":"dia-da-crianca","status":"publish","type":"post","link":"https:\/\/www.graphein.com.br\/?p=318","title":{"rendered":"Dia da Crian\u00e7a"},"content":{"rendered":"<p style=\"text-align: justify;\"><a href=\"http:\/\/graphein.tempsite.ws\/novosite\/wp-content\/uploads\/2010\/09\/Foto_Not\u00edcia10.jpg\"><img loading=\"lazy\" title=\"Foto_Not\u00edcia10\" class=\"alignleft size-medium wp-image-302\" src=\"http:\/\/graphein.tempsite.ws\/novosite\/wp-content\/uploads\/2010\/09\/Foto_Not\u00edcia10-300x225.jpg\" alt=\"\" width=\"300\" height=\"225\" \/><\/a>Na sexta-feira, 09, os estudantes do Col\u00e9gio Graphein divertiram-se na festa alusiva ao Dia das Crian\u00e7as. O evento teve como tema o \u201cM\u00e1gico\u201d, personagem dos circos que fazem \u00e0 alegria da crian\u00e7ada.<\/p>\n<p style=\"text-align: justify;\">Al\u00e9m de um delicioso lanche coletivo e do encontro entre estudantes do Ensino Fundamental I, II e M\u00e9dio houve cine-pipoca.<\/p>\n<p style=\"text-align: justify;\">O objetivo do evento foi proporcionar lazer e socializa\u00e7\u00e3o aos estudantes por meio de uma atividade inteligente e instigante.<\/p>\n<p style=\"text-align: justify;\">No m\u00eas de outubro nossos estudantes tamb\u00e9m participaram da Campanha de Brinquedos da Drogaria S\u00e3o Paulo <strong>&#8220;Doe um brinquedo para quem n\u00e3o tem&#8221;<\/strong>. O objetivo do Col\u00e9gio  Graphein foi envolver a todos os estudantes no esp\u00edrito de solidariedade em benef\u00edcio das crian\u00e7as carentes, refor\u00e7ando a dedica\u00e7\u00e3o do Col\u00e9gio Graphein  no exerc\u00edcio da responsabilidade social.<\/p>\n<p style=\"text-align: justify;\">Agradecemos a todos que participaram das doa\u00e7\u00f5es!<\/p>\n<p style=\"text-align: justify;\">Camila D\u2019Amico<\/p>\n<p style=\"text-align: justify;\">Coord. Pedag\u00f3gica<\/p>\n<iframe src=\"http:\/\/www.facebook.com\/plugins\/like.php?href=https%3A%2F%2Fwww.graphein.com.br%2F%3Fp%3D318&amp;layout=standard&amp;show_faces=true&amp;width=450&amp;action=like&amp;colorscheme=light\" scrolling=\"no\" frameborder=\"0\" allowTransparency=\"true\" style=\"border:none; overflow:hidden; width:450px;margin-top:5px;\"><\/iframe>","protected":false},"excerpt":{"rendered":"<p>Na sexta-feira, 09, os estudantes do Col\u00e9gio Graphein divertiram-se na festa alusiva ao Dia das Crian\u00e7as. O evento teve como tema o \u201cM\u00e1gico\u201d, personagem dos circos que fazem \u00e0 alegria da crian\u00e7ada. Al\u00e9m de um delicioso lanche coletivo e do encontro entre estudantes do Ensino Fundamental I, II e M\u00e9dio houve cine-pipoca. O objetivo do [&hellip;]<\/p>\n","protected":false},"author":1,"featured_media":0,"comment_status":"open","ping_status":"open","sticky":false,"template":"","format":"standard","meta":[],"categories":[16],"tags":[],"_links":{"self":[{"href":"https:\/\/www.graphein.com.br\/index.php?rest_route=\/wp\/v2\/posts\/318"}],"collection":[{"href":"https:\/\/www.graphein.com.br\/index.php?rest_route=\/wp\/v2\/posts"}],"about":[{"href":"https:\/\/www.graphein.com.br\/index.php?rest_route=\/wp\/v2\/types\/post"}],"author":[{"embeddable":true,"href":"https:\/\/www.graphein.com.br\/index.php?rest_route=\/wp\/v2\/users\/1"}],"replies":[{"embeddable":true,"href":"https:\/\/www.graphein.com.br\/index.php?rest_route=%2Fwp%2Fv2%2Fcomments&post=318"}],"version-history":[{"count":0,"href":"https:\/\/www.graphein.com.br\/index.php?rest_route=\/wp\/v2\/posts\/318\/revisions"}],"wp:attachment":[{"href":"https:\/\/www.graphein.com.br\/index.php?rest_route=%2Fwp%2Fv2%2Fmedia&parent=318"}],"wp:term":[{"taxonomy":"category","embeddable":true,"href":"https:\/\/www.graphein.com.br\/index.php?rest_route=%2Fwp%2Fv2%2Fcategories&post=318"},{"taxonomy":"post_tag","embeddable":true,"href":"https:\/\/www.graphein.com.br\/index.php?rest_route=%2Fwp%2Fv2%2Ftags&post=318"}],"curies":[{"name":"wp","href":"https:\/\/api.w.org\/{rel}","templated":true}]}}