{"id":323,"date":"2010-01-14T15:20:52","date_gmt":"2010-01-14T18:20:52","guid":{"rendered":"http:\/\/graphein.tempsite.ws\/novosite\/?p=323"},"modified":"2010-01-14T15:20:52","modified_gmt":"2010-01-14T18:20:52","slug":"visita-ao-acampamento-ranieri","status":"publish","type":"post","link":"https:\/\/www.graphein.com.br\/?p=323","title":{"rendered":"Visita ao Acampamento Ranieri"},"content":{"rendered":"<p style=\"text-align: justify;\"><a href=\"http:\/\/graphein.tempsite.ws\/novosite\/wp-content\/uploads\/2010\/09\/Foto_Not\u00edcia12.jpg\"><img loading=\"lazy\" class=\"alignleft size-medium wp-image-304\" title=\"Foto_Not\u00edcia12\" src=\"http:\/\/graphein.tempsite.ws\/novosite\/wp-content\/uploads\/2010\/09\/Foto_Not\u00edcia12-300x225.jpg\" alt=\"\" width=\"300\" height=\"225\" \/><\/a>Estudantes do Col\u00e9gio Graphein, realizaram uma viagem ao Acampamento Ranieri com objetivo de ampliar a integra\u00e7\u00e3o social entre os estudantes, consolidando assim, o trabalho proposto pelo col\u00e9gio, sobretudo nos aspectos de desenvolvimento afetivo, emocional e social.<\/p>\n<p style=\"text-align: justify;\">Por meio da atividade extraclasse, os estudantes foram levados a expandir seu mundo imediato e cotidiano, em incontest\u00e1veis possibilidades de viv\u00eancia; assegurando aprendizagem afetiva. Acreditamos que assim contribu\u00edmos para a forma\u00e7\u00e3o de um futuro em que adultos poder\u00e3o favorecer a forma\u00e7\u00e3o de um mundo com muito mais sensibilidade e imagina\u00e7\u00e3o criadora.<\/p>\n<p style=\"text-align: justify;\">\n<p style=\"text-align: justify;\">Uma aventura inesquec\u00edvel!<\/p>\n<p style=\"text-align: justify;\">\n<p style=\"text-align: justify;\">Camila D\u2019Amico<\/p>\n<p style=\"text-align: justify;\">Coord. Pedag\u00f3gica<\/p>\n<iframe src=\"http:\/\/www.facebook.com\/plugins\/like.php?href=https%3A%2F%2Fwww.graphein.com.br%2F%3Fp%3D323&amp;layout=standard&amp;show_faces=true&amp;width=450&amp;action=like&amp;colorscheme=light\" scrolling=\"no\" frameborder=\"0\" allowTransparency=\"true\" style=\"border:none; overflow:hidden; width:450px;margin-top:5px;\"><\/iframe>","protected":false},"excerpt":{"rendered":"<p>Estudantes do Col\u00e9gio Graphein, realizaram uma viagem ao Acampamento Ranieri com objetivo de ampliar a integra\u00e7\u00e3o social entre os estudantes, consolidando assim, o trabalho proposto pelo col\u00e9gio, sobretudo nos aspectos de desenvolvimento afetivo, emocional e social. Por meio da atividade extraclasse, os estudantes foram levados a expandir seu mundo imediato e cotidiano, em incontest\u00e1veis possibilidades [&hellip;]<\/p>\n","protected":false},"author":1,"featured_media":0,"comment_status":"open","ping_status":"open","sticky":false,"template":"","format":"standard","meta":[],"categories":[16],"tags":[],"_links":{"self":[{"href":"https:\/\/www.graphein.com.br\/index.php?rest_route=\/wp\/v2\/posts\/323"}],"collection":[{"href":"https:\/\/www.graphein.com.br\/index.php?rest_route=\/wp\/v2\/posts"}],"about":[{"href":"https:\/\/www.graphein.com.br\/index.php?rest_route=\/wp\/v2\/types\/post"}],"author":[{"embeddable":true,"href":"https:\/\/www.graphein.com.br\/index.php?rest_route=\/wp\/v2\/users\/1"}],"replies":[{"embeddable":true,"href":"https:\/\/www.graphein.com.br\/index.php?rest_route=%2Fwp%2Fv2%2Fcomments&post=323"}],"version-history":[{"count":0,"href":"https:\/\/www.graphein.com.br\/index.php?rest_route=\/wp\/v2\/posts\/323\/revisions"}],"wp:attachment":[{"href":"https:\/\/www.graphein.com.br\/index.php?rest_route=%2Fwp%2Fv2%2Fmedia&parent=323"}],"wp:term":[{"taxonomy":"category","embeddable":true,"href":"https:\/\/www.graphein.com.br\/index.php?rest_route=%2Fwp%2Fv2%2Fcategories&post=323"},{"taxonomy":"post_tag","embeddable":true,"href":"https:\/\/www.graphein.com.br\/index.php?rest_route=%2Fwp%2Fv2%2Ftags&post=323"}],"curies":[{"name":"wp","href":"https:\/\/api.w.org\/{rel}","templated":true}]}}