{"id":325,"date":"2010-01-14T14:21:47","date_gmt":"2010-01-14T17:21:47","guid":{"rendered":"http:\/\/graphein.tempsite.ws\/novosite\/?p=325"},"modified":"2010-01-14T14:21:47","modified_gmt":"2010-01-14T17:21:47","slug":"evento-esporte-arte-no-colegio-graphein","status":"publish","type":"post","link":"https:\/\/www.graphein.com.br\/?p=325","title":{"rendered":"Evento \u2013 Esporte &#038; Arte no Col\u00e9gio Graphein"},"content":{"rendered":"<p style=\"text-align: justify;\"><a href=\"http:\/\/graphein.tempsite.ws\/novosite\/wp-content\/uploads\/2010\/09\/Foto_Not\u00edcia13.jpg\"><img loading=\"lazy\" class=\"alignleft size-medium wp-image-305\" title=\"Foto_Not\u00edcia13\" src=\"http:\/\/graphein.tempsite.ws\/novosite\/wp-content\/uploads\/2010\/09\/Foto_Not\u00edcia13-300x225.jpg\" alt=\"\" width=\"300\" height=\"225\" \/><\/a>Em novembro, o Col\u00e9gio Graphein realizou o evento de \u201cESPORTE E ARTE\u201d, desenvolvido para mostrar a import\u00e2ncia da pr\u00e1tica de atividades f\u00edsicas e art\u00edsticas, pois al\u00e9m de fazer bem a sa\u00fade, faz bem para o corpo e para mente.<\/p>\n<p style=\"text-align: justify;\">Os estudantes, juntamente com o professor de artes, desenvolveram durante o semestre, trabalhos para a exposi\u00e7\u00e3o. Produzindo quadros, esculturas, enfeites natalinos e outros objetos que foram vendidos aos pais e presentes durante o evento.<\/p>\n<p style=\"text-align: justify;\">O Prof\u00ba Bruno desenvolveu atividades f\u00edsicas com os estudantes, juntamente com a participa\u00e7\u00e3o das fam\u00edlias e demais educadores, como: queimada, alongamento, futebol, etc.<\/p>\n<p style=\"text-align: justify;\">Contamos tamb\u00e9m, com a apresenta\u00e7\u00e3o do Grupo de Capoeira \u201cCord\u00e3o de Ouro\u201d, mostrando e explicando essa express\u00e3o cultural que envolve dan\u00e7a, artes marciais, cultura popular, m\u00fasica e esporte. Muitos estudantes participaram da apresenta\u00e7\u00e3o tamb\u00e9m, o que fez do evento muito mais interativo.<\/p>\n<p style=\"text-align: justify;\">\n<p style=\"text-align: justify;\">Camila D\u2019Amico<\/p>\n<p style=\"text-align: justify;\">Coord. Pedag\u00f3gica<\/p>\n<iframe src=\"http:\/\/www.facebook.com\/plugins\/like.php?href=https%3A%2F%2Fwww.graphein.com.br%2F%3Fp%3D325&amp;layout=standard&amp;show_faces=true&amp;width=450&amp;action=like&amp;colorscheme=light\" scrolling=\"no\" frameborder=\"0\" allowTransparency=\"true\" style=\"border:none; overflow:hidden; width:450px;margin-top:5px;\"><\/iframe>","protected":false},"excerpt":{"rendered":"<p>Em novembro, o Col\u00e9gio Graphein realizou o evento de \u201cESPORTE E ARTE\u201d, desenvolvido para mostrar a import\u00e2ncia da pr\u00e1tica de atividades f\u00edsicas e art\u00edsticas, pois al\u00e9m de fazer bem a sa\u00fade, faz bem para o corpo e para mente. Os estudantes, juntamente com o professor de artes, desenvolveram durante o semestre, trabalhos para a exposi\u00e7\u00e3o. [&hellip;]<\/p>\n","protected":false},"author":1,"featured_media":0,"comment_status":"open","ping_status":"open","sticky":false,"template":"","format":"standard","meta":[],"categories":[16],"tags":[],"_links":{"self":[{"href":"https:\/\/www.graphein.com.br\/index.php?rest_route=\/wp\/v2\/posts\/325"}],"collection":[{"href":"https:\/\/www.graphein.com.br\/index.php?rest_route=\/wp\/v2\/posts"}],"about":[{"href":"https:\/\/www.graphein.com.br\/index.php?rest_route=\/wp\/v2\/types\/post"}],"author":[{"embeddable":true,"href":"https:\/\/www.graphein.com.br\/index.php?rest_route=\/wp\/v2\/users\/1"}],"replies":[{"embeddable":true,"href":"https:\/\/www.graphein.com.br\/index.php?rest_route=%2Fwp%2Fv2%2Fcomments&post=325"}],"version-history":[{"count":0,"href":"https:\/\/www.graphein.com.br\/index.php?rest_route=\/wp\/v2\/posts\/325\/revisions"}],"wp:attachment":[{"href":"https:\/\/www.graphein.com.br\/index.php?rest_route=%2Fwp%2Fv2%2Fmedia&parent=325"}],"wp:term":[{"taxonomy":"category","embeddable":true,"href":"https:\/\/www.graphein.com.br\/index.php?rest_route=%2Fwp%2Fv2%2Fcategories&post=325"},{"taxonomy":"post_tag","embeddable":true,"href":"https:\/\/www.graphein.com.br\/index.php?rest_route=%2Fwp%2Fv2%2Ftags&post=325"}],"curies":[{"name":"wp","href":"https:\/\/api.w.org\/{rel}","templated":true}]}}