{"id":3266,"date":"2012-09-25T11:24:17","date_gmt":"2012-09-25T14:24:17","guid":{"rendered":"http:\/\/graphein.tempsite.ws\/novosite\/?p=3266"},"modified":"2012-09-25T11:24:17","modified_gmt":"2012-09-25T14:24:17","slug":"tapete-de-habilidades","status":"publish","type":"post","link":"https:\/\/www.graphein.com.br\/?p=3266","title":{"rendered":"TAPETE DE HABILIDADES"},"content":{"rendered":"<p>O Tapete das Habilidades \u00e9 um recurso l\u00fadico, que visa enriquecer a pr\u00e1tica pedag\u00f3gica, possibilitando a constru\u00e7\u00e3o de novos conhecimentos.<\/p>\n<p>Por se tratar de um jogo, os estudantes se envolvem na brincadeira e ao mesmo tempo, aprendem e despertam desejo frente a aprendizagem, visto que, s\u00e3o desafiados a pensar , buscando alternativas e respostas aquilo que \u00e9 proposto.<\/p>\n<p>Com essa pr\u00e1tica, focamos os conte\u00fados tem\u00e1ticos \u201cOlimp\u00edadas\u201d, \u201cEstudo dos Animais\u201d e \u201cExpress\u00f5es Faciais\u201d, onde os estudantes vivenciaram a constru\u00e7\u00e3o da linguagem, motricidade orofacial, escrita, elabora\u00e7\u00e3o do pensamento, conta\u00e7\u00e3o de hist\u00f3rias, estimula\u00e7\u00e3o memorial e discrimina\u00e7\u00e3o visual com percep\u00e7\u00e3o de detalhes, al\u00e9m da percep\u00e7\u00e3o auditiva.<\/p>\n<p>Prof. Renata Jord\u00e3o<br \/>\nTurma P\u00e9rola<\/p>\n\n<iframe src=\"http:\/\/www.facebook.com\/plugins\/like.php?href=https%3A%2F%2Fwww.graphein.com.br%2F%3Fp%3D3266&amp;layout=standard&amp;show_faces=true&amp;width=450&amp;action=like&amp;colorscheme=light\" scrolling=\"no\" frameborder=\"0\" allowTransparency=\"true\" style=\"border:none; overflow:hidden; width:450px;margin-top:5px;\"><\/iframe>","protected":false},"excerpt":{"rendered":"<p>O Tapete das Habilidades \u00e9 um recurso l\u00fadico, que visa enriquecer a pr\u00e1tica pedag\u00f3gica, possibilitando a constru\u00e7\u00e3o de novos conhecimentos. Por se tratar de um jogo, os estudantes se envolvem na brincadeira e ao mesmo tempo, aprendem e despertam desejo frente a aprendizagem, visto que, s\u00e3o desafiados a pensar , buscando alternativas e respostas aquilo [&hellip;]<\/p>\n","protected":false},"author":1,"featured_media":0,"comment_status":"open","ping_status":"open","sticky":false,"template":"","format":"standard","meta":[],"categories":[2],"tags":[],"_links":{"self":[{"href":"https:\/\/www.graphein.com.br\/index.php?rest_route=\/wp\/v2\/posts\/3266"}],"collection":[{"href":"https:\/\/www.graphein.com.br\/index.php?rest_route=\/wp\/v2\/posts"}],"about":[{"href":"https:\/\/www.graphein.com.br\/index.php?rest_route=\/wp\/v2\/types\/post"}],"author":[{"embeddable":true,"href":"https:\/\/www.graphein.com.br\/index.php?rest_route=\/wp\/v2\/users\/1"}],"replies":[{"embeddable":true,"href":"https:\/\/www.graphein.com.br\/index.php?rest_route=%2Fwp%2Fv2%2Fcomments&post=3266"}],"version-history":[{"count":0,"href":"https:\/\/www.graphein.com.br\/index.php?rest_route=\/wp\/v2\/posts\/3266\/revisions"}],"wp:attachment":[{"href":"https:\/\/www.graphein.com.br\/index.php?rest_route=%2Fwp%2Fv2%2Fmedia&parent=3266"}],"wp:term":[{"taxonomy":"category","embeddable":true,"href":"https:\/\/www.graphein.com.br\/index.php?rest_route=%2Fwp%2Fv2%2Fcategories&post=3266"},{"taxonomy":"post_tag","embeddable":true,"href":"https:\/\/www.graphein.com.br\/index.php?rest_route=%2Fwp%2Fv2%2Ftags&post=3266"}],"curies":[{"name":"wp","href":"https:\/\/api.w.org\/{rel}","templated":true}]}}