{"id":328,"date":"2010-03-02T15:24:11","date_gmt":"2010-03-02T18:24:11","guid":{"rendered":"http:\/\/graphein.tempsite.ws\/novosite\/?p=328"},"modified":"2010-03-02T15:24:11","modified_gmt":"2010-03-02T18:24:11","slug":"graphein-folia","status":"publish","type":"post","link":"https:\/\/www.graphein.com.br\/?p=328","title":{"rendered":"Graphein Folia"},"content":{"rendered":"<p style=\"text-align: justify;\"><a href=\"http:\/\/graphein.tempsite.ws\/novosite\/wp-content\/uploads\/2010\/09\/Foto_Not\u00edcia15.jpg\"><img loading=\"lazy\" title=\"Foto_Not\u00edcia15\" class=\"alignleft size-medium wp-image-298\" src=\"http:\/\/graphein.tempsite.ws\/novosite\/wp-content\/uploads\/2010\/09\/Foto_Not\u00edcia15-300x225.jpg\" alt=\"\" width=\"300\" height=\"225\" \/><\/a>O m\u00eas de fevereiro come\u00e7ou animado no Col\u00e9gio Graphein, todas as salas se prepararam para o baile de carnaval, que ocorreu no dia 12.<\/p>\n<p style=\"text-align: justify;\">Cada professor trabalhou durante a semana com os alunos atividades envolvendo a tem\u00e1tica cultural do carnaval, explicando e mostrando aos alunos o sentido hist\u00f3rico desta data comemorativa. Nas aulas, o clima era de muita pesquisa e discuss\u00e3o. Todos buscaram enriquecer seu repert\u00f3rio cultural.<\/p>\n<p style=\"text-align: justify;\">Entre outros temas escolhidos, abordamos: ritmos musicais, hist\u00f3rias cantadas nos sambas enredos, o carnaval de Veneza, o surgimento do baile de m\u00e1scaras e as tradicionais brincadeiras de rua.<\/p>\n<p style=\"text-align: justify;\">Os alunos tamb\u00e9m participaram das oficinas art\u00edsticas, onde desenvolveram seus pr\u00f3prios abad\u00e1s e pinturas de m\u00e1scaras.<\/p>\n<iframe src=\"http:\/\/www.facebook.com\/plugins\/like.php?href=https%3A%2F%2Fwww.graphein.com.br%2F%3Fp%3D328&amp;layout=standard&amp;show_faces=true&amp;width=450&amp;action=like&amp;colorscheme=light\" scrolling=\"no\" frameborder=\"0\" allowTransparency=\"true\" style=\"border:none; overflow:hidden; width:450px;margin-top:5px;\"><\/iframe>","protected":false},"excerpt":{"rendered":"<p>O m\u00eas de fevereiro come\u00e7ou animado no Col\u00e9gio Graphein, todas as salas se prepararam para o baile de carnaval, que ocorreu no dia 12. Cada professor trabalhou durante a semana com os alunos atividades envolvendo a tem\u00e1tica cultural do carnaval, explicando e mostrando aos alunos o sentido hist\u00f3rico desta data comemorativa. Nas aulas, o clima [&hellip;]<\/p>\n","protected":false},"author":1,"featured_media":0,"comment_status":"open","ping_status":"open","sticky":false,"template":"","format":"standard","meta":[],"categories":[15],"tags":[],"_links":{"self":[{"href":"https:\/\/www.graphein.com.br\/index.php?rest_route=\/wp\/v2\/posts\/328"}],"collection":[{"href":"https:\/\/www.graphein.com.br\/index.php?rest_route=\/wp\/v2\/posts"}],"about":[{"href":"https:\/\/www.graphein.com.br\/index.php?rest_route=\/wp\/v2\/types\/post"}],"author":[{"embeddable":true,"href":"https:\/\/www.graphein.com.br\/index.php?rest_route=\/wp\/v2\/users\/1"}],"replies":[{"embeddable":true,"href":"https:\/\/www.graphein.com.br\/index.php?rest_route=%2Fwp%2Fv2%2Fcomments&post=328"}],"version-history":[{"count":0,"href":"https:\/\/www.graphein.com.br\/index.php?rest_route=\/wp\/v2\/posts\/328\/revisions"}],"wp:attachment":[{"href":"https:\/\/www.graphein.com.br\/index.php?rest_route=%2Fwp%2Fv2%2Fmedia&parent=328"}],"wp:term":[{"taxonomy":"category","embeddable":true,"href":"https:\/\/www.graphein.com.br\/index.php?rest_route=%2Fwp%2Fv2%2Fcategories&post=328"},{"taxonomy":"post_tag","embeddable":true,"href":"https:\/\/www.graphein.com.br\/index.php?rest_route=%2Fwp%2Fv2%2Ftags&post=328"}],"curies":[{"name":"wp","href":"https:\/\/api.w.org\/{rel}","templated":true}]}}