{"id":3301,"date":"2012-10-29T09:29:54","date_gmt":"2012-10-29T12:29:54","guid":{"rendered":"http:\/\/graphein.tempsite.ws\/novosite\/?p=3301"},"modified":"2012-10-29T09:29:54","modified_gmt":"2012-10-29T12:29:54","slug":"comemoracao-do-dia-da-crianca-2012","status":"publish","type":"post","link":"https:\/\/www.graphein.com.br\/?p=3301","title":{"rendered":"COMEMORA\u00c7\u00c3O DO DIA DA CRIAN\u00c7A 2012"},"content":{"rendered":"<p>Foi com imensa satisfa\u00e7\u00e3o que nossos estudantes participaram da homenagem do dia da crian\u00e7a.<\/p>\n<p>Nossa comemora\u00e7\u00e3o deste ano teve atrativos que propiciaram um dia de intensa alegria para as crian\u00e7as e adolescentes.<br \/>\nTivemos o espet\u00e1culo de M\u00edmica &#038; Palha\u00e7o (clown) com os autores Paulo Zanon e Luana Oliveira (profissionais que integram o elenco do Cocoric\u00f3 na TV). Uma grande atra\u00e7\u00e3o para as diferentes idades!!!<br \/>\nDentre suas habilidades estavam os malabares, o monociclo e a ilus\u00f3ria bola de contato.<br \/>\nOs alunos aplaudiram o espet\u00e1culo e se divertiram com o lanche coletivo.<\/p>\n<p>Camila D\u2019Amico<br \/>\nCoord. Pedag\u00f3gica<\/p>\n\n<iframe src=\"http:\/\/www.facebook.com\/plugins\/like.php?href=https%3A%2F%2Fwww.graphein.com.br%2F%3Fp%3D3301&amp;layout=standard&amp;show_faces=true&amp;width=450&amp;action=like&amp;colorscheme=light\" scrolling=\"no\" frameborder=\"0\" allowTransparency=\"true\" style=\"border:none; overflow:hidden; width:450px;margin-top:5px;\"><\/iframe>","protected":false},"excerpt":{"rendered":"<p>Foi com imensa satisfa\u00e7\u00e3o que nossos estudantes participaram da homenagem do dia da crian\u00e7a. Nossa comemora\u00e7\u00e3o deste ano teve atrativos que propiciaram um dia de intensa alegria para as crian\u00e7as e adolescentes. Tivemos o espet\u00e1culo de M\u00edmica &#038; Palha\u00e7o (clown) com os autores Paulo Zanon e Luana Oliveira (profissionais que integram o elenco do Cocoric\u00f3 [&hellip;]<\/p>\n","protected":false},"author":1,"featured_media":0,"comment_status":"open","ping_status":"open","sticky":false,"template":"","format":"standard","meta":[],"categories":[2,16],"tags":[],"_links":{"self":[{"href":"https:\/\/www.graphein.com.br\/index.php?rest_route=\/wp\/v2\/posts\/3301"}],"collection":[{"href":"https:\/\/www.graphein.com.br\/index.php?rest_route=\/wp\/v2\/posts"}],"about":[{"href":"https:\/\/www.graphein.com.br\/index.php?rest_route=\/wp\/v2\/types\/post"}],"author":[{"embeddable":true,"href":"https:\/\/www.graphein.com.br\/index.php?rest_route=\/wp\/v2\/users\/1"}],"replies":[{"embeddable":true,"href":"https:\/\/www.graphein.com.br\/index.php?rest_route=%2Fwp%2Fv2%2Fcomments&post=3301"}],"version-history":[{"count":0,"href":"https:\/\/www.graphein.com.br\/index.php?rest_route=\/wp\/v2\/posts\/3301\/revisions"}],"wp:attachment":[{"href":"https:\/\/www.graphein.com.br\/index.php?rest_route=%2Fwp%2Fv2%2Fmedia&parent=3301"}],"wp:term":[{"taxonomy":"category","embeddable":true,"href":"https:\/\/www.graphein.com.br\/index.php?rest_route=%2Fwp%2Fv2%2Fcategories&post=3301"},{"taxonomy":"post_tag","embeddable":true,"href":"https:\/\/www.graphein.com.br\/index.php?rest_route=%2Fwp%2Fv2%2Ftags&post=3301"}],"curies":[{"name":"wp","href":"https:\/\/api.w.org\/{rel}","templated":true}]}}