{"id":3485,"date":"2012-11-14T14:35:00","date_gmt":"2012-11-14T17:35:00","guid":{"rendered":"http:\/\/graphein.tempsite.ws\/novosite\/?p=3485"},"modified":"2012-11-14T14:35:00","modified_gmt":"2012-11-14T17:35:00","slug":"mostra-de-arte","status":"publish","type":"post","link":"https:\/\/www.graphein.com.br\/?p=3485","title":{"rendered":"MOSTRA DE ARTE"},"content":{"rendered":"<p><strong>MOSTRA DE ARTE<\/strong><\/p>\n<p>No dia 10 de novembro tivemos no Col\u00e9gio Graphein a Mostra de Arte.<br \/>\nO evento contou com exposi\u00e7\u00e3o dos trabalhos dos estudantes, bazar natalino produzido pela turma da Qualifica\u00e7\u00e3o Profissional e presen\u00e7a de um grupo de animadores \u2013 palha\u00e7o, malabarista e perna de pau.<br \/>\nEsse momento foi importante para nossos alunos, pois possibilitou aprofundar conhecimentos art\u00edsticos e est\u00e9ticos, partindo do estudo de pintores renomados. O evento, com o tema \u201cCidades das Artes\u201d, apresentou ainda maquetes e interven\u00e7\u00f5es urbanas com est\u00e1tuas vivas, que nos transportaram para uma representa\u00e7\u00e3o de cidade.<br \/>\nNo encerramento tivemos uma homenagem \u00e0 cidade de S\u00e3o Paulo: uma apresenta\u00e7\u00e3o da m\u00fasica Trem das Onze, de Adoniran Barbosa.<\/p>\n<p>O processo de organiza\u00e7\u00e3o da Mostra foi essencial para que arte e educa\u00e7\u00e3o fossem relacionadas, gerando experi\u00eancias po\u00e9ticas, complexas e enriquecedoras aos nossos alunos. Elliot Eisner (2008), em seu texto intitulado O que pode a educa\u00e7\u00e3o aprender das artes sobre a pr\u00e1tica da educa\u00e7\u00e3o?, acredita que os modos da arte pensar o mundo s\u00e3o interessantes e podem libertar os alunos de alguns padr\u00f5es, encorajando-os para descobertas. Segundo ele, a arte e a imagina\u00e7\u00e3o podem \u201c(&#8230;) ajudar-nos a restaurar um prop\u00f3sito decente para os nossos esfor\u00e7os e a criar o tipo<br \/>\nde escolas que as nossas crian\u00e7as merecem e que a nossa cultura precisa. (&#8230;)\u201d  <\/p>\n<p>Prof\u00aa. Virg\u00ednia<br \/>\n(Respons\u00e1vel pela \u00e1rea de Corpo &#038; Movimento) <\/p>\n\n<iframe src=\"http:\/\/www.facebook.com\/plugins\/like.php?href=https%3A%2F%2Fwww.graphein.com.br%2F%3Fp%3D3485&amp;layout=standard&amp;show_faces=true&amp;width=450&amp;action=like&amp;colorscheme=light\" scrolling=\"no\" frameborder=\"0\" allowTransparency=\"true\" style=\"border:none; overflow:hidden; width:450px;margin-top:5px;\"><\/iframe>","protected":false},"excerpt":{"rendered":"<p>MOSTRA DE ARTE No dia 10 de novembro tivemos no Col\u00e9gio Graphein a Mostra de Arte. O evento contou com exposi\u00e7\u00e3o dos trabalhos dos estudantes, bazar natalino produzido pela turma da Qualifica\u00e7\u00e3o Profissional e presen\u00e7a de um grupo de animadores \u2013 palha\u00e7o, malabarista e perna de pau. Esse momento foi importante para nossos alunos, pois [&hellip;]<\/p>\n","protected":false},"author":1,"featured_media":0,"comment_status":"open","ping_status":"open","sticky":false,"template":"","format":"standard","meta":[],"categories":[2],"tags":[],"_links":{"self":[{"href":"https:\/\/www.graphein.com.br\/index.php?rest_route=\/wp\/v2\/posts\/3485"}],"collection":[{"href":"https:\/\/www.graphein.com.br\/index.php?rest_route=\/wp\/v2\/posts"}],"about":[{"href":"https:\/\/www.graphein.com.br\/index.php?rest_route=\/wp\/v2\/types\/post"}],"author":[{"embeddable":true,"href":"https:\/\/www.graphein.com.br\/index.php?rest_route=\/wp\/v2\/users\/1"}],"replies":[{"embeddable":true,"href":"https:\/\/www.graphein.com.br\/index.php?rest_route=%2Fwp%2Fv2%2Fcomments&post=3485"}],"version-history":[{"count":0,"href":"https:\/\/www.graphein.com.br\/index.php?rest_route=\/wp\/v2\/posts\/3485\/revisions"}],"wp:attachment":[{"href":"https:\/\/www.graphein.com.br\/index.php?rest_route=%2Fwp%2Fv2%2Fmedia&parent=3485"}],"wp:term":[{"taxonomy":"category","embeddable":true,"href":"https:\/\/www.graphein.com.br\/index.php?rest_route=%2Fwp%2Fv2%2Fcategories&post=3485"},{"taxonomy":"post_tag","embeddable":true,"href":"https:\/\/www.graphein.com.br\/index.php?rest_route=%2Fwp%2Fv2%2Ftags&post=3485"}],"curies":[{"name":"wp","href":"https:\/\/api.w.org\/{rel}","templated":true}]}}