{"id":4345,"date":"2013-08-14T16:24:23","date_gmt":"2013-08-14T16:24:23","guid":{"rendered":"http:\/\/www.graphein.com.br\/?p=4345"},"modified":"2013-08-14T16:24:23","modified_gmt":"2013-08-14T16:24:23","slug":"inclusao-escolar-e-inclusao-social-ensino-e-aprendizagem-2","status":"publish","type":"post","link":"https:\/\/www.graphein.com.br\/?p=4345","title":{"rendered":"Inclus\u00e3o Escolar e Inclus\u00e3o Social &#8211; Ensino e Aprendizagem!"},"content":{"rendered":"<p style=\"text-align: center;\"><a href=\"http:\/\/www.graphein.com.br\/wp-content\/uploads\/2013\/08\/andea-01_07.jpg\"><img loading=\"lazy\" class=\" wp-image-4343 aligncenter\" alt=\"andea-01_07\" src=\"http:\/\/www.graphein.com.br\/wp-content\/uploads\/2013\/08\/andea-01_07-210x300.jpg\" width=\"260\" height=\"350\" \/><\/a><\/p>\n<p>&nbsp;<\/p>\n<p>A <b>ANDEA Associa\u00e7\u00e3o Nacional de Dificuldades de Ensino e Aprendizagem<\/b> convida a todos a participarem do seu <b>I Congresso Internacional e III Congresso Nacional em Dificuldades de Ensino e Aprendizagem \u2013 Diversidade no Ensinar e Aprender: Educa\u00e7\u00e3o, Sa\u00fade e Sociedade<\/b><i>, <\/i>a ser realizado nos dias <b>29, 30 e 31 de agosto de 2013<\/b>, junto a <b>Universidade Presbiteriana Mackenzie<\/b>, em S\u00e3o Paulo.<\/p>\n<p>O Congresso contar\u00e1 com mais de 150 profissionais da Educa\u00e7\u00e3o e Sa\u00fade e com as presen\u00e7as internacionais: <b>Prof<strong>\u00aa<\/strong>. Alicia Fern\u00e1ndez (Argentina), Prof. Dr. Antonio N\u00f3voa (Portugal), <strong>Prof. Dr. R. Feuerstein (Israel) e Prof. Jos\u00e9 Pacheco (Portugal).<\/strong><\/b><\/p>\n<p>&nbsp;<\/p>\n<p>A programa\u00e7\u00e3o geral das atividades do Congresso est\u00e1 totalmente focada na Forma\u00e7\u00e3o B\u00e1sica da Educa\u00e7\u00e3o, com temas relativos \u00e0s Dificuldades de Ensino e Aprendizagem, Inclus\u00e3o Escolar e Inclus\u00e3o Social. No site do Congresso <a href=\"http:\/\/www.graphein.com.br\/MM\/lt.php?c=2&amp;m=2&amp;nl=13&amp;s=3b180b0f9b35f0f4784bb0f06749c96d&amp;lid=5&amp;l=-http--www.congressoande.org.br\/\">www.congressoandea.org.br<\/a>, \u00e9 poss\u00edvel ver a programa\u00e7\u00e3o completa do evento e todos os palestrantes confirmados.<\/p>\n<p>&nbsp;<\/p>\n<p>Convidamos os educadores a participarem do Congresso ANDEA 2013, e cedemos uma cortesia em seu investimento como categoria \u201cescola conveniada\u201d, onde cada inscrito poder\u00e1 fazer a sua inscri\u00e7\u00e3o com um valor diferenciado, para participar de todo o evento.<\/p>\n<p>&nbsp;<\/p>\n<p>Para tanto, \u00e9 necess\u00e1rio que entrem em contato, a fim de procederem suas inscri\u00e7\u00f5es diretamente na ANDEA, no telefone (11) 3868-3850 e falar com \u00c9rika ou Renata.<\/p>\n<p>&nbsp;<\/p>\n<p>O Congresso tem o apoio institucional da CAPES, do Minist\u00e9rio da Educa\u00e7\u00e3o e do Governo Federal, em parceria com o Col\u00e9gio Graphein, com o Instituto Nacional de Ci\u00eancia e Tecnologia (HC FMUSP &#8211; USP Medicina \u2013 IPQ) e apoio da Diretoria de Ensino Regi\u00e3o Centro-Oeste da Secretaria de Estado da Educa\u00e7\u00e3o de SP.<\/p>\n<p>&nbsp;<\/p>\n<p>Sua presen\u00e7a \u00e9 fundamental !<\/p>\n<iframe src=\"http:\/\/www.facebook.com\/plugins\/like.php?href=https%3A%2F%2Fwww.graphein.com.br%2F%3Fp%3D4345&amp;layout=standard&amp;show_faces=true&amp;width=450&amp;action=like&amp;colorscheme=light\" scrolling=\"no\" frameborder=\"0\" allowTransparency=\"true\" style=\"border:none; overflow:hidden; width:450px;margin-top:5px;\"><\/iframe>","protected":false},"excerpt":{"rendered":"<p>&nbsp; A ANDEA Associa\u00e7\u00e3o Nacional de Dificuldades de Ensino e Aprendizagem convida a todos a participarem do seu I Congresso Internacional e III Congresso Nacional em Dificuldades de Ensino e Aprendizagem \u2013 Diversidade no Ensinar e Aprender: Educa\u00e7\u00e3o, Sa\u00fade e Sociedade, a ser realizado nos dias 29, 30 e 31 de agosto de 2013, junto [&hellip;]<\/p>\n","protected":false},"author":2,"featured_media":0,"comment_status":"open","ping_status":"open","sticky":false,"template":"","format":"standard","meta":[],"categories":[15,16],"tags":[],"_links":{"self":[{"href":"https:\/\/www.graphein.com.br\/index.php?rest_route=\/wp\/v2\/posts\/4345"}],"collection":[{"href":"https:\/\/www.graphein.com.br\/index.php?rest_route=\/wp\/v2\/posts"}],"about":[{"href":"https:\/\/www.graphein.com.br\/index.php?rest_route=\/wp\/v2\/types\/post"}],"author":[{"embeddable":true,"href":"https:\/\/www.graphein.com.br\/index.php?rest_route=\/wp\/v2\/users\/2"}],"replies":[{"embeddable":true,"href":"https:\/\/www.graphein.com.br\/index.php?rest_route=%2Fwp%2Fv2%2Fcomments&post=4345"}],"version-history":[{"count":4,"href":"https:\/\/www.graphein.com.br\/index.php?rest_route=\/wp\/v2\/posts\/4345\/revisions"}],"predecessor-version":[{"id":4349,"href":"https:\/\/www.graphein.com.br\/index.php?rest_route=\/wp\/v2\/posts\/4345\/revisions\/4349"}],"wp:attachment":[{"href":"https:\/\/www.graphein.com.br\/index.php?rest_route=%2Fwp%2Fv2%2Fmedia&parent=4345"}],"wp:term":[{"taxonomy":"category","embeddable":true,"href":"https:\/\/www.graphein.com.br\/index.php?rest_route=%2Fwp%2Fv2%2Fcategories&post=4345"},{"taxonomy":"post_tag","embeddable":true,"href":"https:\/\/www.graphein.com.br\/index.php?rest_route=%2Fwp%2Fv2%2Ftags&post=4345"}],"curies":[{"name":"wp","href":"https:\/\/api.w.org\/{rel}","templated":true}]}}