{"id":4482,"date":"2013-10-15T15:05:39","date_gmt":"2013-10-15T15:05:39","guid":{"rendered":"http:\/\/www.graphein.com.br\/?p=4482"},"modified":"2013-10-15T15:08:48","modified_gmt":"2013-10-15T15:08:48","slug":"4482","status":"publish","type":"post","link":"https:\/\/www.graphein.com.br\/?p=4482","title":{"rendered":"Campanha contra as drogas."},"content":{"rendered":"<p><strong>CAMPANHA JOVEM PAN CONTRA AS DROGAS<\/strong><\/p>\n<p><strong>\u00a0<\/strong><\/p>\n<p><strong>Jovem Pan Pela Vida, Contra as Drogas, campanha com apoio da Sociedade de Pediatria de S\u00e3o Paulo, visitou o Col\u00e9gio Graphein, no bairro de Perdizes\/SP.<\/strong><\/p>\n<p><strong>Participou deste encontro estudantes de Ensino Fundamental II e M\u00e9dio, a psicanalista Maria Ang\u00e9lica Viana da Gra\u00e7a, a jornalista Izilda Alves \u2013 coordenadora da campanha e rapaz em recupera\u00e7\u00e3o.<\/strong><\/p>\n<p><strong>Juntos, descreveram as doen\u00e7as causada pelo uso de drogas e em roda discutiram com os estudantes os desafios deste problema. Ap\u00f3s a palestra realizamos debates, leituras e registros em sala de aula com a participa\u00e7\u00e3o dos professores.<\/strong><\/p>\n<p><b>Esta \u00e9 uma campanha de preven\u00e7\u00e3o, criada em 2002 pelo presidente da Jovem Pan, jornalista Ant\u00f4nio Augusto Amaral de Carvalho, e apresentada h\u00e1 11 anos, nas escolas p\u00fablicas e particulares de S\u00e3o Paulo para pais, alunos e professores.<\/b><\/p>\n<p><b>Uma campanha que defende: informa\u00e7\u00e3o \u00e9 arma poderosa contra as drogas!<\/b><\/p>\n<p><b>Agradecemos a parceria!<\/b><\/p>\n<p><b>Camila D\u2019Amico<\/b><\/p>\n<p><b>Coord. Pedag\u00f3gica<\/b><\/p>\n<p>&nbsp;<\/p>\n\n\t\t<style type=\"text\/css\">\n\t\t\t#gallery-1 {\n\t\t\t\tmargin: auto;\n\t\t\t}\n\t\t\t#gallery-1 .gallery-item {\n\t\t\t\tfloat: left;\n\t\t\t\tmargin-top: 10px;\n\t\t\t\ttext-align: center;\n\t\t\t\twidth: 33%;\n\t\t\t}\n\t\t\t#gallery-1 img {\n\t\t\t\tborder: 2px solid #cfcfcf;\n\t\t\t}\n\t\t\t#gallery-1 .gallery-caption {\n\t\t\t\tmargin-left: 0;\n\t\t\t}\n\t\t\t\/* see gallery_shortcode() in wp-includes\/media.php *\/\n\t\t<\/style>\n\t\t<div id='gallery-1' class='gallery galleryid-4482 gallery-columns-3 gallery-size-thumbnail'><dl class='gallery-item'>\n\t\t\t<dt class='gallery-icon portrait'>\n\t\t\t\t<a href='https:\/\/www.graphein.com.br\/?attachment_id=4478'><img width=\"150\" height=\"150\" src=\"https:\/\/www.graphein.com.br\/wp-content\/uploads\/2013\/10\/P8210400-150x150.jpg\" class=\"attachment-thumbnail size-thumbnail\" alt=\"\" loading=\"lazy\" \/><\/a>\n\t\t\t<\/dt><\/dl><dl class='gallery-item'>\n\t\t\t<dt class='gallery-icon landscape'>\n\t\t\t\t<a href='https:\/\/www.graphein.com.br\/?attachment_id=4477'><img width=\"150\" height=\"150\" src=\"https:\/\/www.graphein.com.br\/wp-content\/uploads\/2013\/10\/P8210403-150x150.jpg\" class=\"attachment-thumbnail size-thumbnail\" alt=\"\" loading=\"lazy\" \/><\/a>\n\t\t\t<\/dt><\/dl><dl class='gallery-item'>\n\t\t\t<dt class='gallery-icon landscape'>\n\t\t\t\t<a href='https:\/\/www.graphein.com.br\/?attachment_id=4476'><img width=\"150\" height=\"150\" src=\"https:\/\/www.graphein.com.br\/wp-content\/uploads\/2013\/10\/P8210402-150x150.jpg\" class=\"attachment-thumbnail size-thumbnail\" alt=\"\" loading=\"lazy\" \/><\/a>\n\t\t\t<\/dt><\/dl><br style=\"clear: both\" \/><dl class='gallery-item'>\n\t\t\t<dt class='gallery-icon landscape'>\n\t\t\t\t<a href='https:\/\/www.graphein.com.br\/?attachment_id=4475'><img width=\"150\" height=\"150\" src=\"https:\/\/www.graphein.com.br\/wp-content\/uploads\/2013\/10\/P8210399-150x150.jpg\" class=\"attachment-thumbnail size-thumbnail\" alt=\"\" loading=\"lazy\" \/><\/a>\n\t\t\t<\/dt><\/dl><dl class='gallery-item'>\n\t\t\t<dt class='gallery-icon landscape'>\n\t\t\t\t<a href='https:\/\/www.graphein.com.br\/?attachment_id=4474'><img width=\"150\" height=\"150\" src=\"https:\/\/www.graphein.com.br\/wp-content\/uploads\/2013\/10\/P8210393-150x150.jpg\" class=\"attachment-thumbnail size-thumbnail\" alt=\"\" loading=\"lazy\" \/><\/a>\n\t\t\t<\/dt><\/dl><dl class='gallery-item'>\n\t\t\t<dt class='gallery-icon landscape'>\n\t\t\t\t<a href='https:\/\/www.graphein.com.br\/?attachment_id=4473'><img width=\"150\" height=\"150\" src=\"https:\/\/www.graphein.com.br\/wp-content\/uploads\/2013\/10\/P8210389-150x150.jpg\" class=\"attachment-thumbnail size-thumbnail\" alt=\"\" loading=\"lazy\" \/><\/a>\n\t\t\t<\/dt><\/dl><br style=\"clear: both\" \/><dl class='gallery-item'>\n\t\t\t<dt class='gallery-icon landscape'>\n\t\t\t\t<a href='https:\/\/www.graphein.com.br\/?attachment_id=4472'><img width=\"150\" height=\"150\" src=\"https:\/\/www.graphein.com.br\/wp-content\/uploads\/2013\/10\/P8210387-150x150.jpg\" class=\"attachment-thumbnail size-thumbnail\" alt=\"\" loading=\"lazy\" \/><\/a>\n\t\t\t<\/dt><\/dl><dl class='gallery-item'>\n\t\t\t<dt class='gallery-icon landscape'>\n\t\t\t\t<a href='https:\/\/www.graphein.com.br\/?attachment_id=4471'><img width=\"150\" height=\"150\" src=\"https:\/\/www.graphein.com.br\/wp-content\/uploads\/2013\/10\/P8210416-150x150.jpg\" class=\"attachment-thumbnail size-thumbnail\" alt=\"\" loading=\"lazy\" \/><\/a>\n\t\t\t<\/dt><\/dl><dl class='gallery-item'>\n\t\t\t<dt class='gallery-icon landscape'>\n\t\t\t\t<a href='https:\/\/www.graphein.com.br\/?attachment_id=4470'><img width=\"150\" height=\"150\" src=\"https:\/\/www.graphein.com.br\/wp-content\/uploads\/2013\/10\/P8210415-150x150.jpg\" class=\"attachment-thumbnail size-thumbnail\" alt=\"\" loading=\"lazy\" \/><\/a>\n\t\t\t<\/dt><\/dl><br style=\"clear: both\" \/><dl class='gallery-item'>\n\t\t\t<dt class='gallery-icon landscape'>\n\t\t\t\t<a href='https:\/\/www.graphein.com.br\/?attachment_id=4468'><img width=\"150\" height=\"150\" src=\"https:\/\/www.graphein.com.br\/wp-content\/uploads\/2013\/10\/P8210406-150x150.jpg\" class=\"attachment-thumbnail size-thumbnail\" alt=\"\" loading=\"lazy\" \/><\/a>\n\t\t\t<\/dt><\/dl><dl class='gallery-item'>\n\t\t\t<dt class='gallery-icon landscape'>\n\t\t\t\t<a href='https:\/\/www.graphein.com.br\/?attachment_id=4467'><img width=\"150\" height=\"150\" src=\"https:\/\/www.graphein.com.br\/wp-content\/uploads\/2013\/10\/P8210405-150x150.jpg\" class=\"attachment-thumbnail size-thumbnail\" alt=\"\" loading=\"lazy\" \/><\/a>\n\t\t\t<\/dt><\/dl><dl class='gallery-item'>\n\t\t\t<dt class='gallery-icon landscape'>\n\t\t\t\t<a href='https:\/\/www.graphein.com.br\/?attachment_id=4466'><img width=\"150\" height=\"150\" src=\"https:\/\/www.graphein.com.br\/wp-content\/uploads\/2013\/10\/P8210404-150x150.jpg\" class=\"attachment-thumbnail size-thumbnail\" alt=\"\" loading=\"lazy\" \/><\/a>\n\t\t\t<\/dt><\/dl><br style=\"clear: both\" \/>\n\t\t<\/div>\n\n<p><a href=\"http:\/\/blogs.jovempan.uol.com.br\/campanha\/os-alunos-do-graphein-pedem-a-campanha-e-ela-ja-esta-nos-projetos-do-colegio\/?fb_action_ids=508144539273065&amp;fb_action_types=og.likes&amp;fb_source=other_multiline&amp;action_object_map=%7B%22508144539273065%22%3A189503827891126%7D&amp;action_type_map=%7B%22508144539273065%22%3A%22og.likes%22%7D&amp;action_ref_map=%5B%5D\">Confira a reportagem completa aqui.<\/a><\/p>\n<p><a href=\"http:\/\/blogs.jovempan.uol.com.br\/campanha\/os-alunos-do-graphein-pedem-a-campanha-e-ela-ja-esta-nos-projetos-do-colegio\/?fb_action_ids=508144539273065&amp;fb_action_types=og.likes&amp;fb_source=other_multiline&amp;action_object_map=%7B%22508144539273065%22%3A189503827891126%7D&amp;action_type_map=%7B%22508144539273065%22%3A%22og.likes%22%7D&amp;action_ref_map=%5B%5D\">\u00a0<\/a><\/p>\n<iframe src=\"http:\/\/www.facebook.com\/plugins\/like.php?href=https%3A%2F%2Fwww.graphein.com.br%2F%3Fp%3D4482&amp;layout=standard&amp;show_faces=true&amp;width=450&amp;action=like&amp;colorscheme=light\" scrolling=\"no\" frameborder=\"0\" allowTransparency=\"true\" style=\"border:none; overflow:hidden; width:450px;margin-top:5px;\"><\/iframe>","protected":false},"excerpt":{"rendered":"<p>CAMPANHA JOVEM PAN CONTRA AS DROGAS \u00a0 Jovem Pan Pela Vida, Contra as Drogas, campanha com apoio da Sociedade de Pediatria de S\u00e3o Paulo, visitou o Col\u00e9gio Graphein, no bairro de Perdizes\/SP. Participou deste encontro estudantes de Ensino Fundamental II e M\u00e9dio, a psicanalista Maria Ang\u00e9lica Viana da Gra\u00e7a, a jornalista Izilda Alves \u2013 coordenadora [&hellip;]<\/p>\n","protected":false},"author":2,"featured_media":0,"comment_status":"open","ping_status":"open","sticky":false,"template":"","format":"standard","meta":[],"categories":[2],"tags":[],"_links":{"self":[{"href":"https:\/\/www.graphein.com.br\/index.php?rest_route=\/wp\/v2\/posts\/4482"}],"collection":[{"href":"https:\/\/www.graphein.com.br\/index.php?rest_route=\/wp\/v2\/posts"}],"about":[{"href":"https:\/\/www.graphein.com.br\/index.php?rest_route=\/wp\/v2\/types\/post"}],"author":[{"embeddable":true,"href":"https:\/\/www.graphein.com.br\/index.php?rest_route=\/wp\/v2\/users\/2"}],"replies":[{"embeddable":true,"href":"https:\/\/www.graphein.com.br\/index.php?rest_route=%2Fwp%2Fv2%2Fcomments&post=4482"}],"version-history":[{"count":4,"href":"https:\/\/www.graphein.com.br\/index.php?rest_route=\/wp\/v2\/posts\/4482\/revisions"}],"predecessor-version":[{"id":4486,"href":"https:\/\/www.graphein.com.br\/index.php?rest_route=\/wp\/v2\/posts\/4482\/revisions\/4486"}],"wp:attachment":[{"href":"https:\/\/www.graphein.com.br\/index.php?rest_route=%2Fwp%2Fv2%2Fmedia&parent=4482"}],"wp:term":[{"taxonomy":"category","embeddable":true,"href":"https:\/\/www.graphein.com.br\/index.php?rest_route=%2Fwp%2Fv2%2Fcategories&post=4482"},{"taxonomy":"post_tag","embeddable":true,"href":"https:\/\/www.graphein.com.br\/index.php?rest_route=%2Fwp%2Fv2%2Ftags&post=4482"}],"curies":[{"name":"wp","href":"https:\/\/api.w.org\/{rel}","templated":true}]}}