{"id":4585,"date":"2013-10-17T13:23:42","date_gmt":"2013-10-17T13:23:42","guid":{"rendered":"http:\/\/www.graphein.com.br\/?p=4585"},"modified":"2014-03-20T18:41:55","modified_gmt":"2014-03-20T18:41:55","slug":"show-de-superacao","status":"publish","type":"post","link":"https:\/\/www.graphein.com.br\/?p=4585","title":{"rendered":"Show de Supera\u00e7\u00e3o"},"content":{"rendered":"<p>&nbsp;<\/p>\n<p>Alunos do curso \u201cAlma de bateria\u201d se apresentaram no Centro Cultural de S\u00e3o Paulo.<\/p>\n<p>Tiveram a oportunidade de tocar ao lado de famoso da m\u00fasica e surpreenderam a todos com a parceria entre f\u00e3s e \u00eddolos.<\/p>\n<p>Gostar\u00edamos de parabenizar o estudante <b><span style=\"text-decoration: underline;\">Ricardo Bianchini<\/span><\/b>, do curso de Qualifica\u00e7\u00e3o Profissional, do Col\u00e9gio Graphein pela bel\u00edssima apresenta\u00e7\u00e3o musical.<\/p>\n<p>&nbsp;<\/p>\n<p>Camila D\u2019Amico<\/p>\n<p>Coord. Pedag\u00f3gica<\/p>\n<p>Imperd\u00edvel!<div style=\"width: 480px;\" class=\"wp-video\"><!--[if lt IE 9]><script>document.createElement('video');<\/script><![endif]-->\n<video class=\"wp-video-shortcode\" id=\"video-4585-1\" width=\"480\" height=\"360\" preload=\"metadata\" controls=\"controls\"><source type=\"video\/mp4\" src=\"http:\/\/www.graphein.com.br\/wp-content\/uploads\/2013\/10\/Video-Reportagem-SP-TV.mp4?_=1\" \/><a href=\"http:\/\/www.graphein.com.br\/wp-content\/uploads\/2013\/10\/Video-Reportagem-SP-TV.mp4\">http:\/\/www.graphein.com.br\/wp-content\/uploads\/2013\/10\/Video-Reportagem-SP-TV.mp4<\/a><\/video><\/div><\/p>\n<p style=\"text-align: left;\">\u00a0 Camila, boa tarde!<\/p>\n<p style=\"text-align: left;\">\u00a0Agrade\u00e7o as palavras e complemento que tudo faz parte de um conjunto maior que \u00e9 dar condi\u00e7\u00f5es ao Ricardo evoluir.<\/p>\n<p style=\"text-align: left;\">\u00a0E \u00e9 claro nesse conjunto est\u00e3o inclu\u00eddos voc\u00eas do Graphein, em todos os n\u00edveis de profissionais envolvidos direta ou indiretamente com o Ricardo.<\/p>\n<p style=\"text-align: left;\">N\u00f3s tamb\u00e9m somos muito agradecidos a voc\u00eas, pois acima de tudo, percebemos que cada um dos profissionais que ai trabalham o fazem com dedica\u00e7\u00e3o, carinho e amor, tendo muito a contribuir com todas as crian\u00e7as e adolescentes do col\u00e9gio.<\/p>\n<p style=\"text-align: left;\">\u00a0Sem essa devo\u00e7\u00e3o, com certeza seria somente mais um col\u00e9gio e n\u00e3o O Graphein!<\/p>\n<p style=\"text-align: left;\">Que voc\u00eas possam ajudar outros tantos \u2018Ricardos\u2019 que por ai passarem<\/p>\n<p style=\"text-align: left;\">\u00a0Obrigado a todos<\/p>\n<p style=\"text-align: left;\">\u00a0Forte abra\u00e7o<\/p>\n<p style=\"text-align: left;\">\u00a0<b><i>Clovis Bianchini (pai do estudante Ricardo Bianchini).<\/i><\/b><\/p>\n<p>&nbsp;<\/p>\n<p>&nbsp;<\/p>\n<p><a href=\"http:\/\/g1.globo.com\/sao-paulo\/noticia\/2013\/09\/jovens-com-sindrome-de-down-tocam-com-musicos-famosos-em-sp.html\">\u00a0<\/a><\/p>\n<iframe src=\"http:\/\/www.facebook.com\/plugins\/like.php?href=https%3A%2F%2Fwww.graphein.com.br%2F%3Fp%3D4585&amp;layout=standard&amp;show_faces=true&amp;width=450&amp;action=like&amp;colorscheme=light\" scrolling=\"no\" frameborder=\"0\" allowTransparency=\"true\" style=\"border:none; overflow:hidden; width:450px;margin-top:5px;\"><\/iframe>","protected":false},"excerpt":{"rendered":"<p>&nbsp; Alunos do curso \u201cAlma de bateria\u201d se apresentaram no Centro Cultural de S\u00e3o Paulo. Tiveram a oportunidade de tocar ao lado de famoso da m\u00fasica e surpreenderam a todos com a parceria entre f\u00e3s e \u00eddolos. Gostar\u00edamos de parabenizar o estudante Ricardo Bianchini, do curso de Qualifica\u00e7\u00e3o Profissional, do Col\u00e9gio Graphein pela bel\u00edssima apresenta\u00e7\u00e3o [&hellip;]<\/p>\n","protected":false},"author":2,"featured_media":0,"comment_status":"open","ping_status":"open","sticky":false,"template":"","format":"standard","meta":[],"categories":[2],"tags":[],"_links":{"self":[{"href":"https:\/\/www.graphein.com.br\/index.php?rest_route=\/wp\/v2\/posts\/4585"}],"collection":[{"href":"https:\/\/www.graphein.com.br\/index.php?rest_route=\/wp\/v2\/posts"}],"about":[{"href":"https:\/\/www.graphein.com.br\/index.php?rest_route=\/wp\/v2\/types\/post"}],"author":[{"embeddable":true,"href":"https:\/\/www.graphein.com.br\/index.php?rest_route=\/wp\/v2\/users\/2"}],"replies":[{"embeddable":true,"href":"https:\/\/www.graphein.com.br\/index.php?rest_route=%2Fwp%2Fv2%2Fcomments&post=4585"}],"version-history":[{"count":5,"href":"https:\/\/www.graphein.com.br\/index.php?rest_route=\/wp\/v2\/posts\/4585\/revisions"}],"predecessor-version":[{"id":4591,"href":"https:\/\/www.graphein.com.br\/index.php?rest_route=\/wp\/v2\/posts\/4585\/revisions\/4591"}],"wp:attachment":[{"href":"https:\/\/www.graphein.com.br\/index.php?rest_route=%2Fwp%2Fv2%2Fmedia&parent=4585"}],"wp:term":[{"taxonomy":"category","embeddable":true,"href":"https:\/\/www.graphein.com.br\/index.php?rest_route=%2Fwp%2Fv2%2Fcategories&post=4585"},{"taxonomy":"post_tag","embeddable":true,"href":"https:\/\/www.graphein.com.br\/index.php?rest_route=%2Fwp%2Fv2%2Ftags&post=4585"}],"curies":[{"name":"wp","href":"https:\/\/api.w.org\/{rel}","templated":true}]}}