{"id":4728,"date":"2014-02-24T15:53:59","date_gmt":"2014-02-24T15:53:59","guid":{"rendered":"http:\/\/www.graphein.com.br\/?p=4728"},"modified":"2014-02-24T16:04:54","modified_gmt":"2014-02-24T16:04:54","slug":"alteracoes-de-linguagem-e-de-processamento-auditivo-relacionando-a-pratica-com-o-dia-a-dia-escolar","status":"publish","type":"post","link":"https:\/\/www.graphein.com.br\/?p=4728","title":{"rendered":"Altera\u00e7\u00f5es de linguagem e de processamento auditivo. Relacionando a pr\u00e1tica com o dia a dia escolar."},"content":{"rendered":"<p><a href=\"http:\/\/www.graphein.com.br\/wp-content\/uploads\/2014\/02\/ce33d82e99d2ef843f48c51ddbdc4d54-2.jpg\"><img loading=\"lazy\" class=\"alignleft size-large wp-image-4729\" alt=\"ce33d82e99d2ef843f48c51ddbdc4d54 (2)\" src=\"http:\/\/www.graphein.com.br\/wp-content\/uploads\/2014\/02\/ce33d82e99d2ef843f48c51ddbdc4d54-2-610x1024.jpg\" width=\"610\" height=\"1024\" srcset=\"https:\/\/www.graphein.com.br\/wp-content\/uploads\/2014\/02\/ce33d82e99d2ef843f48c51ddbdc4d54-2-610x1024.jpg 610w, https:\/\/www.graphein.com.br\/wp-content\/uploads\/2014\/02\/ce33d82e99d2ef843f48c51ddbdc4d54-2-178x300.jpg 178w, https:\/\/www.graphein.com.br\/wp-content\/uploads\/2014\/02\/ce33d82e99d2ef843f48c51ddbdc4d54-2.jpg 715w\" sizes=\"(max-width: 610px) 100vw, 610px\" \/><\/a><\/p>\n<p>Para inscri\u00e7\u00f5es ou informa\u00e7\u00f5es entre em contato:<\/p>\n<p><a href=\"https:\/\/www.facebook.com\/andeaensinoeaprendizagem\">www.facebook.com\/andeaensinoeaprendizagem<\/a><\/p>\n<p>andea@andea.org<\/p>\n<p>11 3868-3850<\/p>\n<iframe src=\"http:\/\/www.facebook.com\/plugins\/like.php?href=https%3A%2F%2Fwww.graphein.com.br%2F%3Fp%3D4728&amp;layout=standard&amp;show_faces=true&amp;width=450&amp;action=like&amp;colorscheme=light\" scrolling=\"no\" frameborder=\"0\" allowTransparency=\"true\" style=\"border:none; overflow:hidden; width:450px;margin-top:5px;\"><\/iframe>","protected":false},"excerpt":{"rendered":"<p>Para inscri\u00e7\u00f5es ou informa\u00e7\u00f5es entre em contato: www.facebook.com\/andeaensinoeaprendizagem andea@andea.org 11 3868-3850<\/p>\n","protected":false},"author":1,"featured_media":0,"comment_status":"open","ping_status":"open","sticky":false,"template":"","format":"standard","meta":[],"categories":[21],"tags":[34],"_links":{"self":[{"href":"https:\/\/www.graphein.com.br\/index.php?rest_route=\/wp\/v2\/posts\/4728"}],"collection":[{"href":"https:\/\/www.graphein.com.br\/index.php?rest_route=\/wp\/v2\/posts"}],"about":[{"href":"https:\/\/www.graphein.com.br\/index.php?rest_route=\/wp\/v2\/types\/post"}],"author":[{"embeddable":true,"href":"https:\/\/www.graphein.com.br\/index.php?rest_route=\/wp\/v2\/users\/1"}],"replies":[{"embeddable":true,"href":"https:\/\/www.graphein.com.br\/index.php?rest_route=%2Fwp%2Fv2%2Fcomments&post=4728"}],"version-history":[{"count":5,"href":"https:\/\/www.graphein.com.br\/index.php?rest_route=\/wp\/v2\/posts\/4728\/revisions"}],"predecessor-version":[{"id":4734,"href":"https:\/\/www.graphein.com.br\/index.php?rest_route=\/wp\/v2\/posts\/4728\/revisions\/4734"}],"wp:attachment":[{"href":"https:\/\/www.graphein.com.br\/index.php?rest_route=%2Fwp%2Fv2%2Fmedia&parent=4728"}],"wp:term":[{"taxonomy":"category","embeddable":true,"href":"https:\/\/www.graphein.com.br\/index.php?rest_route=%2Fwp%2Fv2%2Fcategories&post=4728"},{"taxonomy":"post_tag","embeddable":true,"href":"https:\/\/www.graphein.com.br\/index.php?rest_route=%2Fwp%2Fv2%2Ftags&post=4728"}],"curies":[{"name":"wp","href":"https:\/\/api.w.org\/{rel}","templated":true}]}}