{"id":5100,"date":"2014-06-02T15:05:14","date_gmt":"2014-06-02T15:05:14","guid":{"rendered":"http:\/\/www.graphein.com.br\/?p=5100"},"modified":"2014-06-02T15:10:56","modified_gmt":"2014-06-02T15:10:56","slug":"iv-seminario-em-comemoracao-ao-dia-municipal-de-luta-pela-educacao-inclusiva","status":"publish","type":"post","link":"https:\/\/www.graphein.com.br\/?p=5100","title":{"rendered":"IV Semin\u00e1rio em Comemora\u00e7\u00e3o ao Dia Municipal de Luta pela Educa\u00e7\u00e3o Inclusiva"},"content":{"rendered":"<p>No dia 19\/05\/2014, o Col\u00e9gio Graphein participou do\u00a0<i>IV Semin\u00e1rio em Comemora\u00e7\u00e3o ao Dia Municipal de Luta pela Educa\u00e7\u00e3o Inclusiva.<\/i><\/p>\n<p>&nbsp;<\/p>\n<p>Foi com grande satisfa\u00e7\u00e3o que pudemos compartilhar com todos os presentes quatro objetivos que, para n\u00f3s, s\u00e3o a sustenta\u00e7\u00e3o de uma educa\u00e7\u00e3o significativa e de qualidade:<\/p>\n<p>&nbsp;<\/p>\n<ul>\n<li>*Oferecer um modelo de inclus\u00e3o em que todos sejam verdadeiramente\u00a0<b>escolarizados.<\/b><\/li>\n<li>*Acolher com\u00a0<span style=\"text-decoration: underline;\">singularidade<\/span>\u00a0e despertar o aluno para uma rela\u00e7\u00e3o positiva com a escola e o processo pessoal de aprendizagem.<\/li>\n<li>Propiciar al\u00e9m de uma constru\u00e7\u00e3o acad\u00eamica formal, um ambiente em que os jovens ampliem seu repert\u00f3rio de conv\u00edvio social e diversifiquem suas possibilidades de estabelecer v\u00ednculos e rela\u00e7\u00f5es interpessoais, habilidades primordiais quando vislumbramos inser\u00e7\u00e3o social e profissional.<\/li>\n<li>Formar um indiv\u00edduo cr\u00edtico, capaz de produzir conhecimento, analisar a realidade que o cerca, solucionar conflitos e, assim, implantar novas formas de viver.<\/li>\n<\/ul>\n<p><a href=\"http:\/\/imagizer.imageshack.us\/v2\/1024x768q90\/843\/5ppo5.jpg\" target=\"_blank\"><img alt=\"\" src=\"http:\/\/imagizer.imageshack.us\/v2\/320x240q90\/843\/5ppo5.jpg\" border=\"0\" \/><\/a><br \/>\n<a href=\"http:\/\/imagizer.imageshack.us\/v2\/1024x768q90\/835\/dtsu.jpg\" target=\"_blank\"><img alt=\"\" src=\"http:\/\/imagizer.imageshack.us\/v2\/320x240q90\/835\/dtsu.jpg\" border=\"0\" \/><\/a><br \/>\n<a href=\"http:\/\/imagizer.imageshack.us\/v2\/1024x768q90\/834\/6riwm.jpg\" target=\"_blank\"><img alt=\"\" src=\"http:\/\/imagizer.imageshack.us\/v2\/320x240q90\/834\/6riwm.jpg\" border=\"0\" \/><\/a><br \/>\n<a href=\"http:\/\/imagizer.imageshack.us\/v2\/1024x768q90\/836\/dtrma.jpg\" target=\"_blank\"><img alt=\"\" src=\"http:\/\/imagizer.imageshack.us\/v2\/320x240q90\/836\/dtrma.jpg\" border=\"0\" \/><\/a><br \/>\n<a href=\"http:\/\/imagizer.imageshack.us\/v2\/1024x768q90\/837\/x045.jpg\" target=\"_blank\"><img alt=\"\" src=\"http:\/\/imagizer.imageshack.us\/v2\/320x240q90\/837\/x045.jpg\" border=\"0\" \/><\/a><\/p>\n<iframe src=\"http:\/\/www.facebook.com\/plugins\/like.php?href=https%3A%2F%2Fwww.graphein.com.br%2F%3Fp%3D5100&amp;layout=standard&amp;show_faces=true&amp;width=450&amp;action=like&amp;colorscheme=light\" scrolling=\"no\" frameborder=\"0\" allowTransparency=\"true\" style=\"border:none; overflow:hidden; width:450px;margin-top:5px;\"><\/iframe>","protected":false},"excerpt":{"rendered":"<p>No dia 19\/05\/2014, o Col\u00e9gio Graphein participou do\u00a0IV Semin\u00e1rio em Comemora\u00e7\u00e3o ao Dia Municipal de Luta pela Educa\u00e7\u00e3o Inclusiva. &nbsp; Foi com grande satisfa\u00e7\u00e3o que pudemos compartilhar com todos os presentes quatro objetivos que, para n\u00f3s, s\u00e3o a sustenta\u00e7\u00e3o de uma educa\u00e7\u00e3o significativa e de qualidade: &nbsp; *Oferecer um modelo de inclus\u00e3o em que todos [&hellip;]<\/p>\n","protected":false},"author":1,"featured_media":0,"comment_status":"open","ping_status":"open","sticky":false,"template":"","format":"standard","meta":[],"categories":[2],"tags":[],"_links":{"self":[{"href":"https:\/\/www.graphein.com.br\/index.php?rest_route=\/wp\/v2\/posts\/5100"}],"collection":[{"href":"https:\/\/www.graphein.com.br\/index.php?rest_route=\/wp\/v2\/posts"}],"about":[{"href":"https:\/\/www.graphein.com.br\/index.php?rest_route=\/wp\/v2\/types\/post"}],"author":[{"embeddable":true,"href":"https:\/\/www.graphein.com.br\/index.php?rest_route=\/wp\/v2\/users\/1"}],"replies":[{"embeddable":true,"href":"https:\/\/www.graphein.com.br\/index.php?rest_route=%2Fwp%2Fv2%2Fcomments&post=5100"}],"version-history":[{"count":1,"href":"https:\/\/www.graphein.com.br\/index.php?rest_route=\/wp\/v2\/posts\/5100\/revisions"}],"predecessor-version":[{"id":5101,"href":"https:\/\/www.graphein.com.br\/index.php?rest_route=\/wp\/v2\/posts\/5100\/revisions\/5101"}],"wp:attachment":[{"href":"https:\/\/www.graphein.com.br\/index.php?rest_route=%2Fwp%2Fv2%2Fmedia&parent=5100"}],"wp:term":[{"taxonomy":"category","embeddable":true,"href":"https:\/\/www.graphein.com.br\/index.php?rest_route=%2Fwp%2Fv2%2Fcategories&post=5100"},{"taxonomy":"post_tag","embeddable":true,"href":"https:\/\/www.graphein.com.br\/index.php?rest_route=%2Fwp%2Fv2%2Ftags&post=5100"}],"curies":[{"name":"wp","href":"https:\/\/api.w.org\/{rel}","templated":true}]}}