{"id":5103,"date":"2014-06-06T19:30:34","date_gmt":"2014-06-06T19:30:34","guid":{"rendered":"http:\/\/www.graphein.com.br\/?p=5103"},"modified":"2014-06-18T17:32:05","modified_gmt":"2014-06-18T17:32:05","slug":"dobra-o-numero-de-criancas-atendidas-em-consultorios-de-psicologia-nos-ultimos-tempos","status":"publish","type":"post","link":"https:\/\/www.graphein.com.br\/?p=5103","title":{"rendered":"Dobra o n\u00famero de crian\u00e7as atendidas em consult\u00f3rios de psicologia nos \u00faltimos tempos"},"content":{"rendered":"<p>A Revista Veja S\u00e3o Paulo realizou um levantamento em dez dos consult\u00f3rios de psicologia que atendem crian\u00e7as e jovens, e constatou que o n\u00famero de pacientes abaixo dos 13 anos dobrou nos \u00faltimos dez anos. Entre os menores, at\u00e9 3 anos, o \u00edndice triplicou.<\/p>\n<p>Atualmente, procurar ajuda para resolver quest\u00f5es da mente deixou de ser um tabu. Tornou-se um dos fatores positivos e que contribuem para que esse fen\u00f4meno ocorra. Os outros elementos, no entanto, apenas sugerem exageros por parte dos pais, educadores, ou at\u00e9 mesmo da sociedade.<\/p>\n<p>Separa\u00e7\u00e3o dos pais, diagn\u00f3stico de hiperatividade, vida digital, adapta\u00e7\u00e3o escolar e frustra\u00e7\u00e3o, s\u00e3o alguns dos temas mais levados aos consult\u00f3rios e que a reportagem tamb\u00e9m aborda.<\/p>\n<p>Na vida das crian\u00e7as, a <b>Separa\u00e7\u00e3o dos Pais <\/b>\u00e9 uma realidade mais constante comparada \u00e1 antigamente, mas que continua sendo uma situa\u00e7\u00e3o problem\u00e1tica. Para saber lidar com as quest\u00f5es que envolvem esse acontecimento, muitas vezes, \u00e9 necess\u00e1rio frequentar a terapia.<\/p>\n<p>A <b>Hiperatividade<\/b> (Transtorno do D\u00e9ficit de Aten\u00e7\u00e3o com Hiperatividade) \u00e9 um problema neurobiol\u00f3gico de causas gen\u00e9ticas, que se manifesta durante a inf\u00e2ncia. A agita\u00e7\u00e3o \u00e9 uma das caracter\u00edsticas percebidas nessa faixa et\u00e1ria e um dos ind\u00edcios de TDAH. \u201cOs pr\u00f3prios pais fazem press\u00e3o. Se uma crian\u00e7a n\u00e3o aprende, sofre menos preconceito ao ser tachada de hiperativa\u201d, afirma a Dra. N\u00edvea Fabr\u00edcio, presidente da Associa\u00e7\u00e3o Nacional de Dificuldades de Ensino e Aprendizagem e diretora do Col\u00e9gio Graphein.<\/p>\n<p>Os jovens, muitas vezes, se isolam em frente ao computador e passam maior parte de seu tempo em sua <b>Vida Digital<\/b>, deixando de exercitar suas habilidades de socializa\u00e7\u00e3o. Por isso, para os profissionais, \u00e9 fundamental estabelecer hor\u00e1rios espec\u00edficos para os jogos durante o dia e tirar os equipamentos de circula\u00e7\u00e3o nos momentos de estudo.<\/p>\n<p>O<b> Medo <\/b>para as crian\u00e7as de hoje passou a ter um sentido diferente. O que antes amedrontava os pequenos eram apenas criaturas imagin\u00e1rias. Atualmente, s\u00e3o coisas do mundo real, como um sequestro, por exemplo. Portanto, essas crian\u00e7as tamb\u00e9m necessitam de cuidados psicol\u00f3gicos.<\/p>\n<p>A <b>Adapta\u00e7\u00e3o Escolar<\/b> \u00e9 algo que j\u00e1 n\u00e3o \u00e9 mais t\u00e3o comum. As crian\u00e7as est\u00e3o mais caladas e com um repert\u00f3rio social empobrecido. Por este motivo, tanto para as institui\u00e7\u00f5es quanto para os educadores, fica mais dif\u00edcil lidar com a situa\u00e7\u00e3o e garantir que estes alunos se adaptem. A novidade \u00e9 a sugest\u00e3o do processo terap\u00eautico como uma solu\u00e7\u00e3o, ou melhor, como um aliado nesse processo.<\/p>\n<p>Quando falamos em <b>Frustra\u00e7\u00f5es,<\/b> temos os pais como elementos principais. A maioria deles passa menos tempo ao lado dos filhos e acabam tentando compensar da maneira mais errada poss\u00edvel, esquecendo-se da palavra m\u00e1gica \u201cn\u00e3o\u201d. \u00c9 justamente por isso que a maior parte dos consult\u00f3rios \u00e9 visitada pelos \u201creizinhos da casa\u201d, ou seja, aqueles que n\u00e3o conseguiram suportar as frustra\u00e7\u00f5es naturais da vida. Para construir ent\u00e3o essa habilidade, \u00e9 necess\u00e1ria a ajuda de um terapeuta.<\/p>\n<p><a href=\"http:\/\/vejasp.abril.com.br\/materia\/terapia-criancas-psicologos\">Veja mais.<\/a><\/p>\n<iframe src=\"http:\/\/www.facebook.com\/plugins\/like.php?href=https%3A%2F%2Fwww.graphein.com.br%2F%3Fp%3D5103&amp;layout=standard&amp;show_faces=true&amp;width=450&amp;action=like&amp;colorscheme=light\" scrolling=\"no\" frameborder=\"0\" allowTransparency=\"true\" style=\"border:none; overflow:hidden; width:450px;margin-top:5px;\"><\/iframe>","protected":false},"excerpt":{"rendered":"<p>A Revista Veja S\u00e3o Paulo realizou um levantamento em dez dos consult\u00f3rios de psicologia que atendem crian\u00e7as e jovens, e constatou que o n\u00famero de pacientes abaixo dos 13 anos dobrou nos \u00faltimos dez anos. Entre os menores, at\u00e9 3 anos, o \u00edndice triplicou. Atualmente, procurar ajuda para resolver quest\u00f5es da mente deixou de ser [&hellip;]<\/p>\n","protected":false},"author":1,"featured_media":0,"comment_status":"open","ping_status":"open","sticky":false,"template":"","format":"standard","meta":[],"categories":[2],"tags":[],"_links":{"self":[{"href":"https:\/\/www.graphein.com.br\/index.php?rest_route=\/wp\/v2\/posts\/5103"}],"collection":[{"href":"https:\/\/www.graphein.com.br\/index.php?rest_route=\/wp\/v2\/posts"}],"about":[{"href":"https:\/\/www.graphein.com.br\/index.php?rest_route=\/wp\/v2\/types\/post"}],"author":[{"embeddable":true,"href":"https:\/\/www.graphein.com.br\/index.php?rest_route=\/wp\/v2\/users\/1"}],"replies":[{"embeddable":true,"href":"https:\/\/www.graphein.com.br\/index.php?rest_route=%2Fwp%2Fv2%2Fcomments&post=5103"}],"version-history":[{"count":5,"href":"https:\/\/www.graphein.com.br\/index.php?rest_route=\/wp\/v2\/posts\/5103\/revisions"}],"predecessor-version":[{"id":5265,"href":"https:\/\/www.graphein.com.br\/index.php?rest_route=\/wp\/v2\/posts\/5103\/revisions\/5265"}],"wp:attachment":[{"href":"https:\/\/www.graphein.com.br\/index.php?rest_route=%2Fwp%2Fv2%2Fmedia&parent=5103"}],"wp:term":[{"taxonomy":"category","embeddable":true,"href":"https:\/\/www.graphein.com.br\/index.php?rest_route=%2Fwp%2Fv2%2Fcategories&post=5103"},{"taxonomy":"post_tag","embeddable":true,"href":"https:\/\/www.graphein.com.br\/index.php?rest_route=%2Fwp%2Fv2%2Ftags&post=5103"}],"curies":[{"name":"wp","href":"https:\/\/api.w.org\/{rel}","templated":true}]}}