{"id":5324,"date":"2014-07-24T19:29:24","date_gmt":"2014-07-24T19:29:24","guid":{"rendered":"http:\/\/www.graphein.com.br\/?p=5324"},"modified":"2014-07-24T19:31:28","modified_gmt":"2014-07-24T19:31:28","slug":"os-caminhos-para-a-formacao-de-professores","status":"publish","type":"post","link":"https:\/\/www.graphein.com.br\/?p=5324","title":{"rendered":"Os caminhos para a forma\u00e7\u00e3o de professores"},"content":{"rendered":"<p>Nossa inten\u00e7\u00e3o com a capacita\u00e7\u00e3o \u00e9 despertar nos professores, que desenvolvem o\u00a0<b>PROJETO SINGULAR<\/b>\u00a0durante todo o semestre letivo com os estudantes, a necessidade de form\u00e1-los efetivamente como agentes psicopedag\u00f3gicos, ou seja, oferecer a teoria e as condi\u00e7\u00f5es para aprimorar a pr\u00e1tica.<\/p>\n<p>Assim se deu nosso encontro denominado\u00a0<b>\u201cM\u00e3o na Massa\u201d<\/b>!<\/p>\n<p>Reunimos opini\u00f5es e concep\u00e7\u00f5es da equipe docente em torno do projeto pedag\u00f3gico do\u00a0<b>Col\u00e9gio Graphein<\/b>. Fizemos com que os professores conseguissem ver al\u00e9m dos h\u00e1bitos e conceitos adquiridos com a experi\u00eancia e sua pr\u00f3pria forma\u00e7\u00e3o, por meio da sistematiza\u00e7\u00e3o do que ocorre em sala de aula.<\/p>\n<p>Acreditamos que ao se tornar um professor formador, dominando as estrat\u00e9gias e o conhecimento did\u00e1tico, o educador assume sua responsabilidade e seu papel decisivo para as aprendizagens dos estudantes.<\/p>\n<p>Confira alguns momentos da din\u00e2mica!<\/p>\n<p>&nbsp;<\/p>\n<p>Camila D\u2019Amico<\/p>\n<p>Coord. Pedag\u00f3gica<\/p>\n<p>&nbsp;<\/p>\n<p><a href=\"http:\/\/www.graphein.com.br\/wp-content\/uploads\/2014\/07\/IMG_2720.jpg\"><img loading=\"lazy\" class=\"alignleft size-thumbnail wp-image-5323\" alt=\"IMG_2720\" src=\"http:\/\/www.graphein.com.br\/wp-content\/uploads\/2014\/07\/IMG_2720-150x150.jpg\" width=\"150\" height=\"150\" \/><\/a> <a href=\"http:\/\/www.graphein.com.br\/wp-content\/uploads\/2014\/07\/IMG_2717.jpg\"><img loading=\"lazy\" class=\"alignleft size-thumbnail wp-image-5322\" alt=\"IMG_2717\" src=\"http:\/\/www.graphein.com.br\/wp-content\/uploads\/2014\/07\/IMG_2717-150x150.jpg\" width=\"150\" height=\"150\" \/><\/a> <a href=\"http:\/\/www.graphein.com.br\/wp-content\/uploads\/2014\/07\/IMG_2716.jpg\"><img loading=\"lazy\" class=\"alignleft size-thumbnail wp-image-5321\" alt=\"IMG_2716\" src=\"http:\/\/www.graphein.com.br\/wp-content\/uploads\/2014\/07\/IMG_2716-150x150.jpg\" width=\"150\" height=\"150\" \/><\/a> <a href=\"http:\/\/www.graphein.com.br\/wp-content\/uploads\/2014\/07\/IMG_2728.jpg\"><img loading=\"lazy\" class=\"alignleft size-thumbnail wp-image-5320\" alt=\"IMG_2728\" src=\"http:\/\/www.graphein.com.br\/wp-content\/uploads\/2014\/07\/IMG_2728-150x150.jpg\" width=\"150\" height=\"150\" \/><\/a> <a href=\"http:\/\/www.graphein.com.br\/wp-content\/uploads\/2014\/07\/IMG_2724.jpg\"><img loading=\"lazy\" class=\"alignleft size-thumbnail wp-image-5319\" alt=\"IMG_2724\" src=\"http:\/\/www.graphein.com.br\/wp-content\/uploads\/2014\/07\/IMG_2724-150x150.jpg\" width=\"150\" height=\"150\" \/><\/a> <a href=\"http:\/\/www.graphein.com.br\/wp-content\/uploads\/2014\/07\/IMG_2712.jpg\"><img loading=\"lazy\" class=\"alignleft size-thumbnail wp-image-5318\" alt=\"IMG_2712\" src=\"http:\/\/www.graphein.com.br\/wp-content\/uploads\/2014\/07\/IMG_2712-150x150.jpg\" width=\"150\" height=\"150\" \/><\/a> <a href=\"http:\/\/www.graphein.com.br\/wp-content\/uploads\/2014\/07\/IMG_2718.jpg\"><img loading=\"lazy\" class=\"alignleft size-thumbnail wp-image-5317\" alt=\"IMG_2718\" src=\"http:\/\/www.graphein.com.br\/wp-content\/uploads\/2014\/07\/IMG_2718-150x150.jpg\" width=\"150\" height=\"150\" \/><\/a> <a href=\"http:\/\/www.graphein.com.br\/wp-content\/uploads\/2014\/07\/IMG_2721.jpg\"><img loading=\"lazy\" class=\"alignleft size-thumbnail wp-image-5316\" alt=\"IMG_2721\" src=\"http:\/\/www.graphein.com.br\/wp-content\/uploads\/2014\/07\/IMG_2721-150x150.jpg\" width=\"150\" height=\"150\" \/><\/a> <a href=\"http:\/\/www.graphein.com.br\/wp-content\/uploads\/2014\/07\/IMG_2722.jpg\"><img loading=\"lazy\" class=\"alignleft size-thumbnail wp-image-5315\" alt=\"IMG_2722\" src=\"http:\/\/www.graphein.com.br\/wp-content\/uploads\/2014\/07\/IMG_2722-150x150.jpg\" width=\"150\" height=\"150\" \/><\/a> <a href=\"http:\/\/www.graphein.com.br\/wp-content\/uploads\/2014\/07\/IMG_2723.jpg\"><img loading=\"lazy\" class=\"alignleft size-thumbnail wp-image-5314\" alt=\"IMG_2723\" src=\"http:\/\/www.graphein.com.br\/wp-content\/uploads\/2014\/07\/IMG_2723-150x150.jpg\" width=\"150\" height=\"150\" \/><\/a><\/p>\n<iframe src=\"http:\/\/www.facebook.com\/plugins\/like.php?href=https%3A%2F%2Fwww.graphein.com.br%2F%3Fp%3D5324&amp;layout=standard&amp;show_faces=true&amp;width=450&amp;action=like&amp;colorscheme=light\" scrolling=\"no\" frameborder=\"0\" allowTransparency=\"true\" style=\"border:none; overflow:hidden; width:450px;margin-top:5px;\"><\/iframe>","protected":false},"excerpt":{"rendered":"<p>Nossa inten\u00e7\u00e3o com a capacita\u00e7\u00e3o \u00e9 despertar nos professores, que desenvolvem o\u00a0PROJETO SINGULAR\u00a0durante todo o semestre letivo com os estudantes, a necessidade de form\u00e1-los efetivamente como agentes psicopedag\u00f3gicos, ou seja, oferecer a teoria e as condi\u00e7\u00f5es para aprimorar a pr\u00e1tica. Assim se deu nosso encontro denominado\u00a0\u201cM\u00e3o na Massa\u201d! Reunimos opini\u00f5es e concep\u00e7\u00f5es da equipe docente [&hellip;]<\/p>\n","protected":false},"author":1,"featured_media":0,"comment_status":"open","ping_status":"open","sticky":false,"template":"","format":"standard","meta":[],"categories":[2],"tags":[],"_links":{"self":[{"href":"https:\/\/www.graphein.com.br\/index.php?rest_route=\/wp\/v2\/posts\/5324"}],"collection":[{"href":"https:\/\/www.graphein.com.br\/index.php?rest_route=\/wp\/v2\/posts"}],"about":[{"href":"https:\/\/www.graphein.com.br\/index.php?rest_route=\/wp\/v2\/types\/post"}],"author":[{"embeddable":true,"href":"https:\/\/www.graphein.com.br\/index.php?rest_route=\/wp\/v2\/users\/1"}],"replies":[{"embeddable":true,"href":"https:\/\/www.graphein.com.br\/index.php?rest_route=%2Fwp%2Fv2%2Fcomments&post=5324"}],"version-history":[{"count":1,"href":"https:\/\/www.graphein.com.br\/index.php?rest_route=\/wp\/v2\/posts\/5324\/revisions"}],"predecessor-version":[{"id":5325,"href":"https:\/\/www.graphein.com.br\/index.php?rest_route=\/wp\/v2\/posts\/5324\/revisions\/5325"}],"wp:attachment":[{"href":"https:\/\/www.graphein.com.br\/index.php?rest_route=%2Fwp%2Fv2%2Fmedia&parent=5324"}],"wp:term":[{"taxonomy":"category","embeddable":true,"href":"https:\/\/www.graphein.com.br\/index.php?rest_route=%2Fwp%2Fv2%2Fcategories&post=5324"},{"taxonomy":"post_tag","embeddable":true,"href":"https:\/\/www.graphein.com.br\/index.php?rest_route=%2Fwp%2Fv2%2Ftags&post=5324"}],"curies":[{"name":"wp","href":"https:\/\/api.w.org\/{rel}","templated":true}]}}