{"id":5327,"date":"2014-08-21T16:48:54","date_gmt":"2014-08-21T16:48:54","guid":{"rendered":"http:\/\/www.graphein.com.br\/?p=5327"},"modified":"2014-09-19T13:22:44","modified_gmt":"2014-09-19T13:22:44","slug":"5327","status":"publish","type":"post","link":"https:\/\/www.graphein.com.br\/?p=5327","title":{"rendered":"Um tipo diferente de doa\u00e7\u00e3o&#8230;"},"content":{"rendered":"<p><b><span style=\"text-decoration: underline;\">Um tipo diferente de doa\u00e7\u00e3o&#8230;<\/span><\/b><\/p>\n<p>\u201cPode cortar, cabelo cresce\u201d. A m\u00e1xima \u00e9 repetida incont\u00e1veis vezes, diariamente, em sal\u00f5es de beleza por todo o Brasil. Mas, e se al\u00e9m da certeza de que os fios v\u00e3o crescer o corte dos cabelos ainda se revertesse para uma causa nobre?<\/p>\n<p>Um dos projetos que recebem doa\u00e7\u00f5es de cabelos \u00e9 o <b>Rapunzel Solid\u00e1ria<\/b>.<\/p>\n<p>Nossa querida aluna Ana Beatriz, foi doadora.<\/p>\n<p>Este \u00e9 mais um dos objetivos do Col\u00e9gio Graphein: contemplar em nossos Projetos Singulares conte\u00fados atitudinais, que favore\u00e7am a forma\u00e7\u00e3o moral e tamb\u00e9m a \u00e9tica dos alunos-cidad\u00e3os. \u00c9 fundamental que, nos espa\u00e7os educativos, seja constru\u00edda e problematizada a participa\u00e7\u00e3o do indiv\u00edduo para a forma\u00e7\u00e3o da consci\u00eancia de realidades, conflitos e interesses individuais e sociais.<\/p>\n<p>Como ningu\u00e9m nasce cidad\u00e3o, a ideia de participa\u00e7\u00e3o social precisa ser permanentemente constru\u00edda. Existem v\u00e1rias maneiras de ensinar normas, valores e atitudes pass\u00edveis de (re) organiza\u00e7\u00e3o de relacionamento para uma conviv\u00eancia justa. O trabalho educacional que mobiliza conte\u00fados atitudinais precisam estar nas a\u00e7\u00f5es cotidianas e fazer parte dos objetivos de aprendizagem. Leitura de textos liter\u00e1rios, an\u00e1lise de situa\u00e7\u00f5es-problema, leitura cr\u00edtica de textos que tratam de direitos fundamentais, participa\u00e7\u00e3o na resolu\u00e7\u00e3o de conflitos, s\u00e3o alguns exemplos.<\/p>\n<p>Tra\u00e7ando diferentes \u201ccaminhos\u201d, incentivamos a reflex\u00e3o sobre novas possibilidades de rela\u00e7\u00f5es humanas, que delineiam as responsabilidades inerentes \u00e0s inten\u00e7\u00f5es sociais.<\/p>\n<p>Gestos nobres como o de Ana Beatriz devem ser estimulados entre nossos jovens. O grande f\u00edsico Albert Einstein aconselhou: \u201cN\u00e3o procure se tornar um homem de sucesso, mas um homem de valor.\u201d<\/p>\n<p>Ana Beatriz \u00e9 exemplo para os jovens brasileiros.<\/p>\n<p>Parab\u00e9ns, Ana Beatriz!<br \/>\n<a href=\"http:\/\/www.graphein.com.br\/wp-content\/uploads\/2014\/08\/20140717_124728.jpg\"><img loading=\"lazy\" class=\"alignleft size-thumbnail wp-image-5331\" src=\"http:\/\/www.graphein.com.br\/wp-content\/uploads\/2014\/08\/20140717_124728-150x150.jpg\" alt=\"20140717_124728\" width=\"150\" height=\"150\" \/><\/a> <a href=\"http:\/\/www.graphein.com.br\/wp-content\/uploads\/2014\/08\/20140717_125105_2.jpg\"><img loading=\"lazy\" class=\"alignleft size-thumbnail wp-image-5333\" src=\"http:\/\/www.graphein.com.br\/wp-content\/uploads\/2014\/08\/20140717_125105_2-150x150.jpg\" alt=\"20140717_125105_2\" width=\"150\" height=\"150\" \/><\/a> <a href=\"http:\/\/www.graphein.com.br\/wp-content\/uploads\/2014\/08\/20140717_125046.jpg\"><img loading=\"lazy\" class=\"alignleft size-thumbnail wp-image-5334\" src=\"http:\/\/www.graphein.com.br\/wp-content\/uploads\/2014\/08\/20140717_125046-150x150.jpg\" alt=\"20140717_125046\" width=\"150\" height=\"150\" \/><\/a> <a href=\"http:\/\/www.graphein.com.br\/wp-content\/uploads\/2014\/08\/20140718_093808.jpg\"><img loading=\"lazy\" class=\"alignleft size-thumbnail wp-image-5332\" src=\"http:\/\/www.graphein.com.br\/wp-content\/uploads\/2014\/08\/20140718_093808-150x150.jpg\" alt=\"20140718_093808\" width=\"150\" height=\"150\" \/><\/a><\/p>\n<iframe src=\"http:\/\/www.facebook.com\/plugins\/like.php?href=https%3A%2F%2Fwww.graphein.com.br%2F%3Fp%3D5327&amp;layout=standard&amp;show_faces=true&amp;width=450&amp;action=like&amp;colorscheme=light\" scrolling=\"no\" frameborder=\"0\" allowTransparency=\"true\" style=\"border:none; overflow:hidden; width:450px;margin-top:5px;\"><\/iframe>","protected":false},"excerpt":{"rendered":"<p>Um tipo diferente de doa\u00e7\u00e3o&#8230; \u201cPode cortar, cabelo cresce\u201d. A m\u00e1xima \u00e9 repetida incont\u00e1veis vezes, diariamente, em sal\u00f5es de beleza por todo o Brasil. Mas, e se al\u00e9m da certeza de que os fios v\u00e3o crescer o corte dos cabelos ainda se revertesse para uma causa nobre? Um dos projetos que recebem doa\u00e7\u00f5es de cabelos [&hellip;]<\/p>\n","protected":false},"author":1,"featured_media":0,"comment_status":"open","ping_status":"open","sticky":false,"template":"","format":"standard","meta":[],"categories":[2],"tags":[],"_links":{"self":[{"href":"https:\/\/www.graphein.com.br\/index.php?rest_route=\/wp\/v2\/posts\/5327"}],"collection":[{"href":"https:\/\/www.graphein.com.br\/index.php?rest_route=\/wp\/v2\/posts"}],"about":[{"href":"https:\/\/www.graphein.com.br\/index.php?rest_route=\/wp\/v2\/types\/post"}],"author":[{"embeddable":true,"href":"https:\/\/www.graphein.com.br\/index.php?rest_route=\/wp\/v2\/users\/1"}],"replies":[{"embeddable":true,"href":"https:\/\/www.graphein.com.br\/index.php?rest_route=%2Fwp%2Fv2%2Fcomments&post=5327"}],"version-history":[{"count":6,"href":"https:\/\/www.graphein.com.br\/index.php?rest_route=\/wp\/v2\/posts\/5327\/revisions"}],"predecessor-version":[{"id":5427,"href":"https:\/\/www.graphein.com.br\/index.php?rest_route=\/wp\/v2\/posts\/5327\/revisions\/5427"}],"wp:attachment":[{"href":"https:\/\/www.graphein.com.br\/index.php?rest_route=%2Fwp%2Fv2%2Fmedia&parent=5327"}],"wp:term":[{"taxonomy":"category","embeddable":true,"href":"https:\/\/www.graphein.com.br\/index.php?rest_route=%2Fwp%2Fv2%2Fcategories&post=5327"},{"taxonomy":"post_tag","embeddable":true,"href":"https:\/\/www.graphein.com.br\/index.php?rest_route=%2Fwp%2Fv2%2Ftags&post=5327"}],"curies":[{"name":"wp","href":"https:\/\/api.w.org\/{rel}","templated":true}]}}