{"id":5345,"date":"2014-08-28T18:47:55","date_gmt":"2014-08-28T18:47:55","guid":{"rendered":"http:\/\/www.graphein.com.br\/?p=5345"},"modified":"2014-09-22T13:03:14","modified_gmt":"2014-09-22T13:03:14","slug":"periodo-de-acolhimento","status":"publish","type":"post","link":"https:\/\/www.graphein.com.br\/?p=5345","title":{"rendered":"PER\u00cdODO DE ACOLHIMENTO"},"content":{"rendered":"<p>Para conhecer seus colegas e expor suas expectativas para o semestre, estudantes do grupo TERRA participaram da din\u00e2mica de integra\u00e7\u00e3o no segmento do N\u00edvel I.<\/p>\n<p>Na din\u00e2mica \u201cQual o seu olhar?\u201d, os alunos registraram seus desejos e apontaram valores importantes para um semestre de muita socializa\u00e7\u00e3o, juntamente com a Prof\u00aa Fabiana.<\/p>\n<p>Eles receberam desenhos de JANELAS que foram completados com imagens que eles gostariam de ver ao abrirem a tal janela.<\/p>\n<p>Ap\u00f3s o complemento da imagem, eles realizaram uma roda de conversa para justificar a escolha da janela e das imagens realizadas \u2013 aspecto determinante para um trabalho com as particularidades do sujeito.<\/p>\n<p>Tratou-se de uma oportunidade \u00fanica, momento de grande interesse e acolhimento.<\/p>\n<p><strong>\u00a0<\/strong><\/p>\n<p><em><strong>Confira os depoimentos!<\/strong><\/em><\/p>\n<p>&nbsp;<\/p>\n<p><strong>Estudante Tatiane<\/strong> \u2013 \u201cEscolhi desenhar \u00e1rvores na minha janela porque gosto da natureza e florestas.\u201d<\/p>\n<p><strong>Estudante Edna<\/strong> \u2013 \u201cDesenhei o mar porque eu gosto do mar azul&#8230; \u00e9 um bom lugar!\u201d<\/p>\n<p><strong>Estudante Henrique<\/strong> \u2013 \u201cEscolhi desenhar o mar na janela porque quando eu vejo o mar eu fico calmo, longe de coisas irritantes.\u201d<\/p>\n<p><strong>Estudante Matteo<\/strong> \u2013 \u201cO motivo do porque eu desenhei o c\u00e9u, as Nuvens e o Sol foi porque S\u00e3o Paulo \u00e9 uma cidade muito polu\u00edda. N\u00e3o d\u00e1 para ver as nuvens, s\u00f3 d\u00e1 para ver carros, sacolas&#8230; d\u00e1 at\u00e9 raiva!\u201d<\/p>\n<p><strong>Estudante Pedro Henrique<\/strong> \u2013 \u201cEu desenhei na minha janela o que eu sempre quis ver!!! Pessoas sorrindo em um lugar bonito e colorido. S\u00e3o Paulo \u00e9 uma cidade triste e cinza, com pessoas apressadas e atrasadas para algo&#8230; sempre ocupadas e atarefadas. Eu queria acordar e olhar pela janela uma cidade alegre e colorida, com gente despreocupadas e felizes. Eu queria uma S\u00e3o Paulo melhor!!!\u201d<\/p>\n<p><strong>Estudante Gustavo<\/strong> \u2013 \u201cEu escolhi as \u00e1rvores, a Mata Atl\u00e2ntica e o Sol. Com o Sol a gente consegue fazer mais coisas&#8230; sair, ir ao parque, etc.\u201d<\/p>\n<p><strong>Estudante Gabriel Salles<\/strong> \u2013 \u201cNa minha janela coloquei uma mo\u00e7a bonita que gostaria que fosse minha namorada. Tamb\u00e9m gosto do dia ensolarado!\u201d<\/p>\n<p>&nbsp;<\/p>\n<p style=\"text-align: left;\"><strong><span style=\"color: #141823;\">Camila D\u2019Amic<\/span><\/strong><strong><span style=\"color: #141823;\">o<\/span><\/strong><\/p>\n<p style=\"text-align: left;\"><strong><span style=\"color: #141823;\">Coord. Pedag\u00f3gica<\/span><\/strong><\/p>\n<p><a href=\"http:\/\/www.graphein.com.br\/wp-content\/uploads\/2014\/08\/P8010062-e1409247489469.jpg\"><img loading=\"lazy\" class=\"alignleft size-thumbnail wp-image-5346\" src=\"http:\/\/www.graphein.com.br\/wp-content\/uploads\/2014\/08\/P8010062-e1409247489469-150x150.jpg\" alt=\"OLYMPUS DIGITAL CAMERA\" width=\"150\" height=\"150\" \/><\/a><\/p>\n<p><a href=\"http:\/\/www.graphein.com.br\/wp-content\/uploads\/2014\/08\/P8010045.jpg\"><img loading=\"lazy\" class=\"alignleft wp-image-5348 size-thumbnail\" src=\"http:\/\/www.graphein.com.br\/wp-content\/uploads\/2014\/08\/P8010045-e1409247464552-150x150.jpg\" alt=\"OLYMPUS DIGITAL CAMERA\" width=\"150\" height=\"150\" \/><\/a><a href=\"http:\/\/www.graphein.com.br\/wp-content\/uploads\/2014\/08\/P8010051.jpg\"><img loading=\"lazy\" class=\"alignleft wp-image-5347 size-thumbnail\" src=\"http:\/\/www.graphein.com.br\/wp-content\/uploads\/2014\/08\/P8010051-e1409247420263-150x150.jpg\" alt=\"OLYMPUS DIGITAL CAMERA\" width=\"150\" height=\"150\" \/><\/a><\/p>\n<p><img loading=\"lazy\" class=\"alignleft size-thumbnail wp-image-5349\" src=\"http:\/\/www.graphein.com.br\/wp-content\/uploads\/2014\/08\/P8010040-e1409247536949-150x150.jpg\" alt=\"OLYMPUS DIGITAL CAMERA\" width=\"150\" height=\"150\" \/><\/p>\n<p><a href=\"http:\/\/www.graphein.com.br\/wp-content\/uploads\/2014\/08\/P8010035.jpg\"><img loading=\"lazy\" class=\"alignleft wp-image-5352 \" src=\"http:\/\/www.graphein.com.br\/wp-content\/uploads\/2014\/08\/P8010035-e1409247754845-150x150.jpg\" alt=\"OLYMPUS DIGITAL CAMERA\" width=\"150\" height=\"141\" \/><\/a><\/p>\n<p>&nbsp;<\/p>\n<p>&nbsp;<\/p>\n<p>&nbsp;<\/p>\n<p>&nbsp;<\/p>\n<p>&nbsp;<\/p>\n<p><img loading=\"lazy\" class=\"alignleft wp-image-5351 size-thumbnail\" src=\"http:\/\/www.graphein.com.br\/wp-content\/uploads\/2014\/08\/P8010036-e1409247809565-150x150.jpg\" alt=\"OLYMPUS DIGITAL CAMERA\" width=\"150\" height=\"150\" \/><\/p>\n<p><img loading=\"lazy\" class=\"alignleft wp-image-5354 size-thumbnail\" src=\"http:\/\/www.graphein.com.br\/wp-content\/uploads\/2014\/08\/P8010033-e1409247786848-150x150.jpg\" alt=\"OLYMPUS DIGITAL CAMERA\" width=\"150\" height=\"150\" \/><\/p>\n<p><img loading=\"lazy\" class=\"alignleft wp-image-5353 size-thumbnail\" src=\"http:\/\/www.graphein.com.br\/wp-content\/uploads\/2014\/08\/P8010034-e1409247829148-150x150.jpg\" alt=\"OLYMPUS DIGITAL CAMERA\" width=\"150\" height=\"150\" \/><\/p>\n<p><img loading=\"lazy\" class=\"alignleft wp-image-5350 size-thumbnail\" src=\"http:\/\/www.graphein.com.br\/wp-content\/uploads\/2014\/08\/P8010039-e1409247855332-150x150.jpg\" alt=\"OLYMPUS DIGITAL CAMERA\" width=\"150\" height=\"150\" \/><\/p>\n<p><a href=\"http:\/\/www.graphein.com.br\/wp-content\/uploads\/2014\/08\/P8010030.jpg\"><img loading=\"lazy\" class=\"alignleft size-thumbnail wp-image-5356\" src=\"http:\/\/www.graphein.com.br\/wp-content\/uploads\/2014\/08\/P8010030-150x150.jpg\" alt=\"OLYMPUS DIGITAL CAMERA\" width=\"150\" height=\"150\" \/><\/a><\/p>\n<p>&nbsp;<\/p>\n<p>&nbsp;<\/p>\n<p>&nbsp;<\/p>\n<p>&nbsp;<\/p>\n<p>&nbsp;<\/p>\n<p>&nbsp;<\/p>\n<p><a href=\"http:\/\/www.graphein.com.br\/wp-content\/uploads\/2014\/08\/P8010031.jpg\"><img loading=\"lazy\" class=\"alignleft size-thumbnail wp-image-5355\" src=\"http:\/\/www.graphein.com.br\/wp-content\/uploads\/2014\/08\/P8010031-150x150.jpg\" alt=\"OLYMPUS DIGITAL CAMERA\" width=\"150\" height=\"150\" \/><\/a><a href=\"http:\/\/www.graphein.com.br\/wp-content\/uploads\/2014\/08\/P8010029.jpg\"><img loading=\"lazy\" class=\"alignleft size-thumbnail wp-image-5357\" src=\"http:\/\/www.graphein.com.br\/wp-content\/uploads\/2014\/08\/P8010029-150x150.jpg\" alt=\"OLYMPUS DIGITAL CAMERA\" width=\"150\" height=\"150\" \/><\/a><\/p>\n<p>&nbsp;<\/p>\n<iframe src=\"http:\/\/www.facebook.com\/plugins\/like.php?href=https%3A%2F%2Fwww.graphein.com.br%2F%3Fp%3D5345&amp;layout=standard&amp;show_faces=true&amp;width=450&amp;action=like&amp;colorscheme=light\" scrolling=\"no\" frameborder=\"0\" allowTransparency=\"true\" style=\"border:none; overflow:hidden; width:450px;margin-top:5px;\"><\/iframe>","protected":false},"excerpt":{"rendered":"<p>Para conhecer seus colegas e expor suas expectativas para o semestre, estudantes do grupo TERRA participaram da din\u00e2mica de integra\u00e7\u00e3o no segmento do N\u00edvel I. Na din\u00e2mica \u201cQual o seu olhar?\u201d, os alunos registraram seus desejos e apontaram valores importantes para um semestre de muita socializa\u00e7\u00e3o, juntamente com a Prof\u00aa Fabiana. Eles receberam desenhos de [&hellip;]<\/p>\n","protected":false},"author":1,"featured_media":0,"comment_status":"open","ping_status":"open","sticky":false,"template":"","format":"standard","meta":[],"categories":[2],"tags":[],"_links":{"self":[{"href":"https:\/\/www.graphein.com.br\/index.php?rest_route=\/wp\/v2\/posts\/5345"}],"collection":[{"href":"https:\/\/www.graphein.com.br\/index.php?rest_route=\/wp\/v2\/posts"}],"about":[{"href":"https:\/\/www.graphein.com.br\/index.php?rest_route=\/wp\/v2\/types\/post"}],"author":[{"embeddable":true,"href":"https:\/\/www.graphein.com.br\/index.php?rest_route=\/wp\/v2\/users\/1"}],"replies":[{"embeddable":true,"href":"https:\/\/www.graphein.com.br\/index.php?rest_route=%2Fwp%2Fv2%2Fcomments&post=5345"}],"version-history":[{"count":4,"href":"https:\/\/www.graphein.com.br\/index.php?rest_route=\/wp\/v2\/posts\/5345\/revisions"}],"predecessor-version":[{"id":5437,"href":"https:\/\/www.graphein.com.br\/index.php?rest_route=\/wp\/v2\/posts\/5345\/revisions\/5437"}],"wp:attachment":[{"href":"https:\/\/www.graphein.com.br\/index.php?rest_route=%2Fwp%2Fv2%2Fmedia&parent=5345"}],"wp:term":[{"taxonomy":"category","embeddable":true,"href":"https:\/\/www.graphein.com.br\/index.php?rest_route=%2Fwp%2Fv2%2Fcategories&post=5345"},{"taxonomy":"post_tag","embeddable":true,"href":"https:\/\/www.graphein.com.br\/index.php?rest_route=%2Fwp%2Fv2%2Ftags&post=5345"}],"curies":[{"name":"wp","href":"https:\/\/api.w.org\/{rel}","templated":true}]}}