{"id":5389,"date":"2014-09-18T14:17:02","date_gmt":"2014-09-18T14:17:02","guid":{"rendered":"http:\/\/www.graphein.com.br\/?p=5389"},"modified":"2014-09-19T13:20:40","modified_gmt":"2014-09-19T13:20:40","slug":"open-school-reunidos-para-comemorar","status":"publish","type":"post","link":"https:\/\/www.graphein.com.br\/?p=5389","title":{"rendered":"OPEN SCHOOL &#8211; REUNIDOS PARA COMEMORAR"},"content":{"rendered":"<p>Quando comemoramos algo, estamos celebrando aquilo que nos \u00e9 caro, importante e significativo, refor\u00e7ando os la\u00e7os com aqueles que gostar\u00edamos de compartilhar nossas vit\u00f3rias.<\/p>\n<p>Por este motivo, a equipe do Col\u00e9gio Graphein organizou no s\u00e1bado (16\/08), a <strong>\u2018Balada Open School\u2019<\/strong>, como forma de <strong>\u2018comemorar\u2019<\/strong> o in\u00edcio de mais um semestre, e ao mesmo tempo, trabalhar com nossos alunos os valores mais importantes para sua forma\u00e7\u00e3o.<\/p>\n<p>Dan\u00e7ando e cantando com os amigos, os estudantes tiveram uma tarde bastante proveitosa, al\u00e9m da oportunidade de exercitar suas habilidades, essenciais para a cria\u00e7\u00e3o de um repert\u00f3rio onde possam se posicionar de forma singular e coletiva.<\/p>\n<p>Nossos jovens compartilharam o planejamento do evento com a supervis\u00e3o da coordena\u00e7\u00e3o. Realizaram a escolha das m\u00fasicas, respeitando o gosto musical de todos os envolvidos (\u201cPrecisa tocar um pouco do que cada um gosta!\u201d), sugeriram os v\u00eddeos clips que deveriam ser apresentados, criaram e realizaram a decora\u00e7\u00e3o. Para tudo existiu um debate de ideias, conflito de prefer\u00eancias e o exerc\u00edcio do \u201cceder\u201d. Eu sou \u201csingular\u201d, mas tamb\u00e9m fa\u00e7o parte de um grupo!<\/p>\n<p>A \u201cnova gera\u00e7\u00e3o\u201d possui uma nova vis\u00e3o de mundo, com m\u00faltiplos interesses e formas de aprendizagem e a educa\u00e7\u00e3o deve estar atenta em acompanhar essa evolu\u00e7\u00e3o, sem, no entanto, deixar de mostrar a import\u00e2ncia e a necessidade de se conservar valores indispens\u00e1veis, em qualquer \u00e9poca, independente da evolu\u00e7\u00e3o do mundo. Precisamos construir relacionamentos interpessoais onde respeito, solidariedade, fraternidade, justi\u00e7a e muitos outros valores estejam presentes, pois, sabemos que os mesmos configuram os requisitos m\u00ednimos para se trabalhar e viver em uma sociedade moderna.<\/p>\n<p>Como dizia Paulo Freire:<\/p>\n<p><em>\u201cNingu\u00e9m caminha sem aprender a caminhar, sem aprender a fazer o caminho caminhando, refazendo e retocando o sonho pelo qual se p\u00f4s a caminhar.\u201d<\/em><\/p>\n<p><a href=\"http:\/\/pensador.uol.com.br\/autor\/paulo_freire\/\"><em>Paulo Freire<\/em><\/a><\/p>\n<p><strong>\u00a0<\/strong><\/p>\n<p><strong>C\u00e1tia Alves<\/strong><\/p>\n<p><strong>Coord. Pedag\u00f3gica<\/strong><\/p>\n<p>&nbsp;<\/p>\n<p><a href=\"http:\/\/www.graphein.com.br\/wp-content\/uploads\/2014\/09\/foto-002.jpg\"><img loading=\"lazy\" class=\"alignleft size-thumbnail wp-image-5392\" src=\"http:\/\/www.graphein.com.br\/wp-content\/uploads\/2014\/09\/foto-002-150x150.jpg\" alt=\"foto 002\" width=\"150\" height=\"150\" \/><\/a><a href=\"http:\/\/www.graphein.com.br\/wp-content\/uploads\/2014\/09\/IMG_0043.jpg\"><img loading=\"lazy\" class=\"alignleft size-thumbnail wp-image-5393\" src=\"http:\/\/www.graphein.com.br\/wp-content\/uploads\/2014\/09\/IMG_0043-150x150.jpg\" alt=\"IMG_0043\" width=\"150\" height=\"150\" \/><\/a><a href=\"http:\/\/www.graphein.com.br\/wp-content\/uploads\/2014\/09\/foto-2.jpg\"><img loading=\"lazy\" class=\"alignleft size-thumbnail wp-image-5395\" src=\"http:\/\/www.graphein.com.br\/wp-content\/uploads\/2014\/09\/foto-2-150x150.jpg\" alt=\"foto (2)\" width=\"150\" height=\"150\" \/><\/a><a href=\"http:\/\/www.graphein.com.br\/wp-content\/uploads\/2014\/09\/foto-5.jpg\"><img loading=\"lazy\" class=\"alignleft size-thumbnail wp-image-5396\" src=\"http:\/\/www.graphein.com.br\/wp-content\/uploads\/2014\/09\/foto-5-150x150.jpg\" alt=\"foto (5)\" width=\"150\" height=\"150\" \/><\/a><a href=\"http:\/\/www.graphein.com.br\/wp-content\/uploads\/2014\/09\/IMG_0062.jpg\"><img loading=\"lazy\" class=\"alignleft size-thumbnail wp-image-5397\" src=\"http:\/\/www.graphein.com.br\/wp-content\/uploads\/2014\/09\/IMG_0062-150x150.jpg\" alt=\"IMG_0062\" width=\"150\" height=\"150\" \/><\/a><a href=\"http:\/\/www.graphein.com.br\/wp-content\/uploads\/2014\/09\/foto-4.jpg\"><img loading=\"lazy\" class=\"alignleft size-thumbnail wp-image-5391\" src=\"http:\/\/www.graphein.com.br\/wp-content\/uploads\/2014\/09\/foto-4-150x150.jpg\" alt=\"foto (4)\" width=\"150\" height=\"150\" \/><\/a><\/p>\n<iframe src=\"http:\/\/www.facebook.com\/plugins\/like.php?href=https%3A%2F%2Fwww.graphein.com.br%2F%3Fp%3D5389&amp;layout=standard&amp;show_faces=true&amp;width=450&amp;action=like&amp;colorscheme=light\" scrolling=\"no\" frameborder=\"0\" allowTransparency=\"true\" style=\"border:none; overflow:hidden; width:450px;margin-top:5px;\"><\/iframe>","protected":false},"excerpt":{"rendered":"<p>Quando comemoramos algo, estamos celebrando aquilo que nos \u00e9 caro, importante e significativo, refor\u00e7ando os la\u00e7os com aqueles que gostar\u00edamos de compartilhar nossas vit\u00f3rias. Por este motivo, a equipe do Col\u00e9gio Graphein organizou no s\u00e1bado (16\/08), a \u2018Balada Open School\u2019, como forma de \u2018comemorar\u2019 o in\u00edcio de mais um semestre, e ao mesmo tempo, trabalhar [&hellip;]<\/p>\n","protected":false},"author":1,"featured_media":0,"comment_status":"open","ping_status":"open","sticky":false,"template":"","format":"standard","meta":[],"categories":[2],"tags":[],"_links":{"self":[{"href":"https:\/\/www.graphein.com.br\/index.php?rest_route=\/wp\/v2\/posts\/5389"}],"collection":[{"href":"https:\/\/www.graphein.com.br\/index.php?rest_route=\/wp\/v2\/posts"}],"about":[{"href":"https:\/\/www.graphein.com.br\/index.php?rest_route=\/wp\/v2\/types\/post"}],"author":[{"embeddable":true,"href":"https:\/\/www.graphein.com.br\/index.php?rest_route=\/wp\/v2\/users\/1"}],"replies":[{"embeddable":true,"href":"https:\/\/www.graphein.com.br\/index.php?rest_route=%2Fwp%2Fv2%2Fcomments&post=5389"}],"version-history":[{"count":3,"href":"https:\/\/www.graphein.com.br\/index.php?rest_route=\/wp\/v2\/posts\/5389\/revisions"}],"predecessor-version":[{"id":5398,"href":"https:\/\/www.graphein.com.br\/index.php?rest_route=\/wp\/v2\/posts\/5389\/revisions\/5398"}],"wp:attachment":[{"href":"https:\/\/www.graphein.com.br\/index.php?rest_route=%2Fwp%2Fv2%2Fmedia&parent=5389"}],"wp:term":[{"taxonomy":"category","embeddable":true,"href":"https:\/\/www.graphein.com.br\/index.php?rest_route=%2Fwp%2Fv2%2Fcategories&post=5389"},{"taxonomy":"post_tag","embeddable":true,"href":"https:\/\/www.graphein.com.br\/index.php?rest_route=%2Fwp%2Fv2%2Ftags&post=5389"}],"curies":[{"name":"wp","href":"https:\/\/api.w.org\/{rel}","templated":true}]}}