{"id":5404,"date":"2014-09-18T18:46:34","date_gmt":"2014-09-18T18:46:34","guid":{"rendered":"http:\/\/www.graphein.com.br\/?p=5404"},"modified":"2014-09-19T13:20:10","modified_gmt":"2014-09-19T13:20:10","slug":"o-sucesso-de-um-grande-aluno","status":"publish","type":"post","link":"https:\/\/www.graphein.com.br\/?p=5404","title":{"rendered":"O sucesso de um grande aluno"},"content":{"rendered":"<p>O Col\u00e9gio Graphein \u00e9 uma escola que tem como proposta de trabalho o respeito \u00e0s caracter\u00edsticas de cada indiv\u00edduo, desenvolvendo um modelo de educa\u00e7\u00e3o que atende \u00e0s necessidades de\u00a0<b>todos<\/b>\u00a0os educandos. Nosso principal objetivo \u00e9 acolher o aluno e despertar nele uma rela\u00e7\u00e3o positiva com a institui\u00e7\u00e3o escolar e o aprendizado.<\/p>\n<p>Este \u00e9 o grande desafio: garantir que crian\u00e7as e adolescentes que apresentam necessidades espec\u00edficas de aprendizagem tenham sua demanda atendida. \u00c9 preciso acolher o estudante com suas caracter\u00edsticas pr\u00f3prias e ajuda-lo a construir uma nova rela\u00e7\u00e3o com a institui\u00e7\u00e3o escolar e, em \u00faltima an\u00e1lise, desenvolver a cren\u00e7a na pr\u00f3pria habilidade de aprender.<\/p>\n<p>Ao longo de nossa trajet\u00f3ria como educadores no Col\u00e9gio Graphein, pudemos constatar que, para termos \u00eaxito \u00e9 necess\u00e1ria uma disponibilidade do educador para conhecer e reconhecer cada aluno e atuar atendendo suas necessidades espec\u00edficas.<\/p>\n<p>Estas ideias se aplicam n\u00e3o apenas \u00e0s crian\u00e7as com algum transtorno definido, uma dificuldade detectada, mas tamb\u00e9m \u00e0s crian\u00e7as e adolescentes que, mesmo sem nenhum comprometimento aparente, n\u00e3o apresentam bom desempenho acad\u00eamico.<\/p>\n<p>Queremos compartilhar a experi\u00eancia do trabalho com o aluno Thiago Ignatti Borges, que come\u00e7ou a estudar conosco em 2014. \u00c9 um jovem como muitos outros, que gosta de futebol, \u00e9 alegre, participativo e que tem muito a desenvolver. Por\u00e9m, para que suas boas habilidades possam se desenvolver, ele tem a necessidade de uma adapta\u00e7\u00e3o em seu processo escolar e foi neste contexto que iniciamos nossa estimula\u00e7\u00e3o.<\/p>\n<p>O est\u00edmulo de aspectos f\u00edsicos e emocionais \u00e9 nosso principal objetivo com Thiago. Ele participa de atividades variadas que o estimulam e envolvem para que, a cada dia, possa caminhar mais em dire\u00e7\u00e3o ao seu pleno desenvolvimento.<\/p>\n<p>Em seu planejamento os educadores preocuparam-se em contemplar seus centros de interesses, al\u00e9m de atender \u00e0s de suas necessidades espec\u00edficas. Ou seja, foi preciso pensar nos temas que motivam o Thiago a aprender al\u00e9m de oferecer a ele os instrumentos para lidar com a defici\u00eancia visual.<\/p>\n<p>Seu Projeto Pedag\u00f3gico Individual, que chamamos de Projeto Singular, contempla atividades que propiciam o trabalho com os aspectos que v\u00e3o al\u00e9m do conhecimento acad\u00eamico formal para um jovem de sua idade. Entre nossas principais frentes de trabalho:<\/p>\n<ul>\n<li>Promover o desenvolvimento da orienta\u00e7\u00e3o espacial.<\/li>\n<li>Estimular o desenvolvimento de habilidades diversas, linguagens diversas como m\u00fasica, artes c\u00eanicas, artes pl\u00e1sticas, inform\u00e1tica e outras.<\/li>\n<li>Estimular o uso da escrita em Braille e do m\u00e9todo Soroban como instrumentos pedag\u00f3gicos.<\/li>\n<li>Promover e mediar atividades cotidianas para que se relacione satisfatoriamente com seus pares e construa um repert\u00f3rio social compat\u00edvel com sua faixa et\u00e1ria.<\/li>\n<\/ul>\n<p>&nbsp;<\/p>\n<p>Em nossa experi\u00eancia exitosa no trabalho com inclus\u00e3o escolar, constatamos que estudantes com \u201cdificuldades de aprendizagem\u201d necessitam ser olhados, ter suas caracter\u00edsticas identificadas, devem ser conhecidos para que se possa atuar com cada um de maneira adequada. Portanto, o melhor rem\u00e9dio para o dilema da inclus\u00e3o \u00e9 o trabalho singularizado com cada um.<\/p>\n<p><i>\u00a0<\/i><\/p>\n<p><a href=\"http:\/\/www.graphein.com.br\/wp-content\/uploads\/2014\/07\/P3280159.jpg\"><img loading=\"lazy\" class=\"wp-image-5307 size-thumbnail alignleft\" src=\"http:\/\/www.graphein.com.br\/wp-content\/uploads\/2014\/07\/P3280159-e1411065813282-150x150.jpg\" alt=\"OLYMPUS DIGITAL CAMERA\" width=\"150\" height=\"150\" \/><\/a><a href=\"http:\/\/www.graphein.com.br\/wp-content\/uploads\/2014\/07\/P3270128.jpg\"><img loading=\"lazy\" class=\"wp-image-5306 size-thumbnail alignleft\" src=\"http:\/\/www.graphein.com.br\/wp-content\/uploads\/2014\/07\/P3270128-e1411065792328-150x150.jpg\" alt=\"OLYMPUS DIGITAL CAMERA\" width=\"150\" height=\"150\" \/><\/a><a href=\"http:\/\/www.graphein.com.br\/wp-content\/uploads\/2014\/07\/P3270127.jpg\"><img loading=\"lazy\" class=\"alignleft size-thumbnail wp-image-5305\" src=\"http:\/\/www.graphein.com.br\/wp-content\/uploads\/2014\/07\/P3270127-150x150.jpg\" alt=\"OLYMPUS DIGITAL CAMERA\" width=\"150\" height=\"150\" \/><\/a><a href=\"http:\/\/www.graphein.com.br\/wp-content\/uploads\/2014\/07\/CIMG3205.jpg\"><img loading=\"lazy\" class=\"wp-image-5304 size-thumbnail alignleft\" src=\"http:\/\/www.graphein.com.br\/wp-content\/uploads\/2014\/07\/CIMG3205-e1411065772182-150x150.jpg\" alt=\"CIMG3205\" width=\"150\" height=\"150\" \/><\/a><a href=\"http:\/\/www.graphein.com.br\/wp-content\/uploads\/2014\/07\/CIMG3202.jpg\"><img loading=\"lazy\" class=\"wp-image-5302 size-thumbnail alignleft\" src=\"http:\/\/www.graphein.com.br\/wp-content\/uploads\/2014\/07\/CIMG3202-e1411065733760-150x150.jpg\" alt=\"CIMG3202\" width=\"150\" height=\"150\" \/><\/a><a href=\"http:\/\/www.graphein.com.br\/wp-content\/uploads\/2014\/07\/CIMG3198.jpg\"><img loading=\"lazy\" class=\"alignleft size-thumbnail wp-image-5301\" src=\"http:\/\/www.graphein.com.br\/wp-content\/uploads\/2014\/07\/CIMG3198-150x150.jpg\" alt=\"CIMG3198\" width=\"150\" height=\"150\" \/><\/a><a href=\"http:\/\/www.graphein.com.br\/wp-content\/uploads\/2014\/07\/CIMG3195.jpg\"><img loading=\"lazy\" class=\"alignleft size-thumbnail wp-image-5300\" src=\"http:\/\/www.graphein.com.br\/wp-content\/uploads\/2014\/07\/CIMG3195-150x150.jpg\" alt=\"CIMG3195\" width=\"150\" height=\"150\" \/><\/a><a href=\"http:\/\/www.graphein.com.br\/wp-content\/uploads\/2014\/07\/CIMG3177.jpg\"><br \/>\n<img loading=\"lazy\" class=\"alignleft wp-image-5298 size-thumbnail\" src=\"http:\/\/www.graphein.com.br\/wp-content\/uploads\/2014\/07\/CIMG3177-150x150.jpg\" alt=\"CIMG3177\" width=\"150\" height=\"150\" \/><\/a><a href=\"http:\/\/www.graphein.com.br\/wp-content\/uploads\/2014\/07\/CIMG3172.jpg\"><img loading=\"lazy\" class=\"wp-image-5297 size-thumbnail alignleft\" src=\"http:\/\/www.graphein.com.br\/wp-content\/uploads\/2014\/07\/CIMG3172-e1411065713540-150x150.jpg\" alt=\"CIMG3172\" width=\"150\" height=\"150\" \/><\/a><\/p>\n<p>&nbsp;<\/p>\n<p>&nbsp;<\/p>\n<p>&nbsp;<\/p>\n<p>&nbsp;<\/p>\n<p>&nbsp;<\/p>\n<p>&nbsp;<\/p>\n<p>&nbsp;<\/p>\n<p>&nbsp;<\/p>\n<p>&nbsp;<\/p>\n<p>&nbsp;<\/p>\n<p>&nbsp;<\/p>\n<p>&nbsp;<\/p>\n<p>&nbsp;<\/p>\n<p>&nbsp;<\/p>\n<p>&nbsp;<\/p>\n<p><i>\u201c<\/i><i>(&#8230;) normalizar uma pessoa n\u00e3o significa torna-la normal. Significa dar a ela o direito de ser diferente e ter suas necessidades reconhecidas e atendidas pela sociedade.\u201d Claudia Werneck<\/i><\/p>\n<iframe src=\"http:\/\/www.facebook.com\/plugins\/like.php?href=https%3A%2F%2Fwww.graphein.com.br%2F%3Fp%3D5404&amp;layout=standard&amp;show_faces=true&amp;width=450&amp;action=like&amp;colorscheme=light\" scrolling=\"no\" frameborder=\"0\" allowTransparency=\"true\" style=\"border:none; overflow:hidden; width:450px;margin-top:5px;\"><\/iframe>","protected":false},"excerpt":{"rendered":"<p>O Col\u00e9gio Graphein \u00e9 uma escola que tem como proposta de trabalho o respeito \u00e0s caracter\u00edsticas de cada indiv\u00edduo, desenvolvendo um modelo de educa\u00e7\u00e3o que atende \u00e0s necessidades de\u00a0todos\u00a0os educandos. Nosso principal objetivo \u00e9 acolher o aluno e despertar nele uma rela\u00e7\u00e3o positiva com a institui\u00e7\u00e3o escolar e o aprendizado. Este \u00e9 o grande desafio: [&hellip;]<\/p>\n","protected":false},"author":1,"featured_media":0,"comment_status":"open","ping_status":"open","sticky":false,"template":"","format":"standard","meta":[],"categories":[2],"tags":[],"_links":{"self":[{"href":"https:\/\/www.graphein.com.br\/index.php?rest_route=\/wp\/v2\/posts\/5404"}],"collection":[{"href":"https:\/\/www.graphein.com.br\/index.php?rest_route=\/wp\/v2\/posts"}],"about":[{"href":"https:\/\/www.graphein.com.br\/index.php?rest_route=\/wp\/v2\/types\/post"}],"author":[{"embeddable":true,"href":"https:\/\/www.graphein.com.br\/index.php?rest_route=\/wp\/v2\/users\/1"}],"replies":[{"embeddable":true,"href":"https:\/\/www.graphein.com.br\/index.php?rest_route=%2Fwp%2Fv2%2Fcomments&post=5404"}],"version-history":[{"count":8,"href":"https:\/\/www.graphein.com.br\/index.php?rest_route=\/wp\/v2\/posts\/5404\/revisions"}],"predecessor-version":[{"id":5412,"href":"https:\/\/www.graphein.com.br\/index.php?rest_route=\/wp\/v2\/posts\/5404\/revisions\/5412"}],"wp:attachment":[{"href":"https:\/\/www.graphein.com.br\/index.php?rest_route=%2Fwp%2Fv2%2Fmedia&parent=5404"}],"wp:term":[{"taxonomy":"category","embeddable":true,"href":"https:\/\/www.graphein.com.br\/index.php?rest_route=%2Fwp%2Fv2%2Fcategories&post=5404"},{"taxonomy":"post_tag","embeddable":true,"href":"https:\/\/www.graphein.com.br\/index.php?rest_route=%2Fwp%2Fv2%2Ftags&post=5404"}],"curies":[{"name":"wp","href":"https:\/\/api.w.org\/{rel}","templated":true}]}}