{"id":5415,"date":"2014-09-19T12:58:53","date_gmt":"2014-09-19T12:58:53","guid":{"rendered":"http:\/\/www.graphein.com.br\/?p=5415"},"modified":"2014-09-19T12:58:53","modified_gmt":"2014-09-19T12:58:53","slug":"colegio-graphein-em-parceria-com-abba","status":"publish","type":"post","link":"https:\/\/www.graphein.com.br\/?p=5415","title":{"rendered":"Col\u00e9gio Graphein em parceria com ABB\u00c0"},"content":{"rendered":"<p>&nbsp;<\/p>\n<p>Desde 2008, o Col\u00e9gio Graphein realiza parceria com a ABB\u00c0 Brasile, uma entidade sem fins lucrativos, origin\u00e1ria da It\u00e1lia e de car\u00e1ter filantr\u00f3pico.<\/p>\n<p>Essa iniciativa tem a finalidade de oferecer \u00e0s crian\u00e7as, adolescentes e jovens, principalmente de escolas p\u00fablicas, a complementa\u00e7\u00e3o educacional necess\u00e1ria para que possam ser capacitados para o mundo do trabalho, pelo qual conseguir\u00e1 mudar a realidade em que vive.<\/p>\n<p>Ser parceiro do estudante nas dificuldades significa ficar atento \u00e0 maneira como os alunos aprendem, preocupando-se com a forma de corrigir e lidar com o erro, respeitando as singularidades e seus centros de interesse.<\/p>\n<p>O fundamental \u00e9 mudar a postura e transformar o erro e as dificuldades em situa\u00e7\u00f5es de aprendizagem para que todos possam acertar juntos e alcan\u00e7ar os objetivos propostos.<\/p>\n<p>O professor \u00e9 um \u201cinvestigador\u201d, acompanhando o estudante na realiza\u00e7\u00e3o de suas tarefas escolares, tendo como princ\u00edpio os conte\u00fados conceituais adquiridos em seu pr\u00f3prio \u00e2mbito escolar.<\/p>\n<p>O acompanhamento das educadoras junto aos alunos \u00e9 cont\u00ednuo, pois \u00e9 uma esp\u00e9cie de mapeamento que vai identificando as conquistas e as dificuldades dos estudantes em seu dia a dia.<\/p>\n<p>O trabalho psicopedag\u00f3gico vem de encontro \u00e0 proposta, reformulando atividades e construindo novos meios que levem os alunos a se \u201cdescobrirem\u201d e a \u201cdescobrir\u201d o seu potencial.<\/p>\n<p>Durante todo o processo de ensino aprendizagem, a observa\u00e7\u00e3o permanente da equipe docente \u00e9 fundamental para avaliar as quest\u00f5es conceituais, atitudinais, a participa\u00e7\u00e3o de cada aluno envolvido, o seu interesse, a sua comunica\u00e7\u00e3o oral e escrita, o confronto e a defesa de ideias de cada um \u2013 diante de nosso instrumento t\u00e9cnico \u2013 o projeto singular.<\/p>\n<p>O Col\u00e9gio Graphein acredita neste percurso e continuar\u00e1 mantendo suas particularidades no atendimento focado ao acompanhamento escolar em parceria com Abb\u00e0 e a Casa S\u00e3o Jos\u00e9.<\/p>\n<p>Acreditamos nisso!<\/p>\n<p><strong>\u00a0Camila D&#8217;Amico<\/strong><\/p>\n<p><strong>Coord.\u00a0<\/strong><b>Pedag\u00f3gica<\/b><\/p>\n<p>&nbsp;<\/p>\n<p><a href=\"http:\/\/www.graphein.com.br\/wp-content\/uploads\/2014\/09\/Abb\u00e0-luiz-carlos.jpg\"><img loading=\"lazy\" class=\"alignleft size-thumbnail wp-image-5416\" src=\"http:\/\/www.graphein.com.br\/wp-content\/uploads\/2014\/09\/Abb\u00e0-luiz-carlos-150x150.jpg\" alt=\"Abb\u00e0 luiz carlos\" width=\"150\" height=\"150\" \/><\/a> <a href=\"http:\/\/www.graphein.com.br\/wp-content\/uploads\/2014\/09\/foto-1.jpg\"><img loading=\"lazy\" class=\"alignleft size-thumbnail wp-image-5417\" src=\"http:\/\/www.graphein.com.br\/wp-content\/uploads\/2014\/09\/foto-1-150x150.jpg\" alt=\"foto 1\" width=\"150\" height=\"150\" \/><\/a> <a href=\"http:\/\/www.graphein.com.br\/wp-content\/uploads\/2014\/09\/foto-21.jpg\"><img loading=\"lazy\" class=\"alignleft wp-image-5418 size-thumbnail\" src=\"http:\/\/www.graphein.com.br\/wp-content\/uploads\/2014\/09\/foto-21-150x150.jpg\" alt=\"foto 2\" width=\"150\" height=\"150\" \/><\/a><\/p>\n<iframe src=\"http:\/\/www.facebook.com\/plugins\/like.php?href=https%3A%2F%2Fwww.graphein.com.br%2F%3Fp%3D5415&amp;layout=standard&amp;show_faces=true&amp;width=450&amp;action=like&amp;colorscheme=light\" scrolling=\"no\" frameborder=\"0\" allowTransparency=\"true\" style=\"border:none; overflow:hidden; width:450px;margin-top:5px;\"><\/iframe>","protected":false},"excerpt":{"rendered":"<p>&nbsp; Desde 2008, o Col\u00e9gio Graphein realiza parceria com a ABB\u00c0 Brasile, uma entidade sem fins lucrativos, origin\u00e1ria da It\u00e1lia e de car\u00e1ter filantr\u00f3pico. Essa iniciativa tem a finalidade de oferecer \u00e0s crian\u00e7as, adolescentes e jovens, principalmente de escolas p\u00fablicas, a complementa\u00e7\u00e3o educacional necess\u00e1ria para que possam ser capacitados para o mundo do trabalho, pelo [&hellip;]<\/p>\n","protected":false},"author":1,"featured_media":0,"comment_status":"open","ping_status":"open","sticky":false,"template":"","format":"standard","meta":[],"categories":[2],"tags":[],"_links":{"self":[{"href":"https:\/\/www.graphein.com.br\/index.php?rest_route=\/wp\/v2\/posts\/5415"}],"collection":[{"href":"https:\/\/www.graphein.com.br\/index.php?rest_route=\/wp\/v2\/posts"}],"about":[{"href":"https:\/\/www.graphein.com.br\/index.php?rest_route=\/wp\/v2\/types\/post"}],"author":[{"embeddable":true,"href":"https:\/\/www.graphein.com.br\/index.php?rest_route=\/wp\/v2\/users\/1"}],"replies":[{"embeddable":true,"href":"https:\/\/www.graphein.com.br\/index.php?rest_route=%2Fwp%2Fv2%2Fcomments&post=5415"}],"version-history":[{"count":1,"href":"https:\/\/www.graphein.com.br\/index.php?rest_route=\/wp\/v2\/posts\/5415\/revisions"}],"predecessor-version":[{"id":5419,"href":"https:\/\/www.graphein.com.br\/index.php?rest_route=\/wp\/v2\/posts\/5415\/revisions\/5419"}],"wp:attachment":[{"href":"https:\/\/www.graphein.com.br\/index.php?rest_route=%2Fwp%2Fv2%2Fmedia&parent=5415"}],"wp:term":[{"taxonomy":"category","embeddable":true,"href":"https:\/\/www.graphein.com.br\/index.php?rest_route=%2Fwp%2Fv2%2Fcategories&post=5415"},{"taxonomy":"post_tag","embeddable":true,"href":"https:\/\/www.graphein.com.br\/index.php?rest_route=%2Fwp%2Fv2%2Ftags&post=5415"}],"curies":[{"name":"wp","href":"https:\/\/api.w.org\/{rel}","templated":true}]}}