{"id":5429,"date":"2014-09-22T12:56:22","date_gmt":"2014-09-22T12:56:22","guid":{"rendered":"http:\/\/www.graphein.com.br\/?p=5429"},"modified":"2014-09-22T12:56:22","modified_gmt":"2014-09-22T12:56:22","slug":"construindo-o-futuro","status":"publish","type":"post","link":"https:\/\/www.graphein.com.br\/?p=5429","title":{"rendered":"CONSTRUINDO O FUTURO"},"content":{"rendered":"<p>Conhecer as oportunidades e saber desfrutar delas para construir projetos de vida s\u00f3lidos, s\u00e3o passos fundamentais para o sucesso pessoal e profissional.<\/p>\n<p>\u00c9 imprescind\u00edvel conhecer o que se escolhe, por\u00e9m, a maioria dos jovens encontra dificuldades no momento de fazer a sua escolha profissional e muitos desses problemas se devem ao desconhecido e a desinforma\u00e7\u00e3o.<\/p>\n<p>Um problema que surge nesta fase \u00e9 que os jovens muitas vezes n\u00e3o conhecem a profiss\u00e3o que lhe interessa, tem ideias fantasiosas ou idealizadas sobre a profiss\u00e3o pretendida, sendo uma escolha muitas vezes mais imagin\u00e1ria do que real.<\/p>\n<p>No dia 02\/09, nossos alunos do ensino m\u00e9dio iniciaram um trabalho voltado para a Orienta\u00e7\u00e3o Profissional, onde tiveram a oportunidade de, em dois momentos, refletirem e conhecerem um pouco mais sobre o mundo das universidades e o momento da escolha profissional.<\/p>\n<p>No per\u00edodo da manh\u00e3, tiveram um encontro com um palestrante que trabalhou quest\u00f5es relacionadas com autoconhecimento, personalidade e interesses. Todos os alunos colocaram qual a \u00e1rea de atua\u00e7\u00e3o desejam cursar e, ao longo do encontro, um pequeno teste indicativo de \u201ctalentos\u201d foi aplicado para que os mesmos pudessem comparar a escolha e o resultado do teste.<\/p>\n<p>No per\u00edodo da tarde tiveram a oportunidade de realizar uma visita monitorada a uma universidade. Observaram o ambiente de cada uma das \u00e1reas de atua\u00e7\u00e3o, dentre elas, comunica\u00e7\u00e3o, veterin\u00e1ria, medicina, gastronomia, e seus respectivos laborat\u00f3rios e bibliotecas. Tamb\u00e9m puderam observar os alunos que j\u00e1 atuam em suas \u00e1reas como estagi\u00e1rios na pr\u00f3pria universidade.<\/p>\n<p>A Orienta\u00e7\u00e3o Profissional est\u00e1 inserida em um contexto social, pol\u00edtico e econ\u00f4mico, por esse motivo, \u00e9 uma a\u00e7\u00e3o preventiva e de promo\u00e7\u00e3o do bem estar.<\/p>\n<p>A escolha adequada da profiss\u00e3o a ser seguida, garante ao profissional: sa\u00fade mental, satisfa\u00e7\u00e3o pessoal e profissional, gerando bem estar para a sociedade.<\/p>\n<p>Um dos nossos objetivos, ao trabalhar com nossos jovens \u00e9 construir o futuro&#8230; Fazer com que cada um deles possa desenhar seu caminho para alcan\u00e7ar seus sonhos e, caso os sonhos ainda n\u00e3o estejam \u201cclaros\u201d, ajud\u00e1-los a clarear esse sonho e concretiz\u00e1-lo.<\/p>\n<p><em>\u201cQuando uma criatura humana desperta para um grande sonho e sobre ele lan\u00e7a toda a for\u00e7a de sua alma, todo o universo conspira a seu favor.\u201d<\/em><\/p>\n<p><a href=\"http:\/\/pensador.uol.com.br\/autor\/johann_goethe\/\"><em>Johann Goethe<\/em><\/a><\/p>\n<p><strong><em>\u00a0<\/em><\/strong><\/p>\n<p><strong>C\u00e1tia Alves<\/strong><\/p>\n<p><strong>Coord. <\/strong><strong>Pedag\u00f3gica<\/strong><\/p>\n<p>&nbsp;<\/p>\n<p><a href=\"http:\/\/www.graphein.com.br\/wp-content\/uploads\/2014\/09\/CIMG4489.jpg\"><img loading=\"lazy\" class=\"alignleft size-thumbnail wp-image-5430\" src=\"http:\/\/www.graphein.com.br\/wp-content\/uploads\/2014\/09\/CIMG4489-150x150.jpg\" alt=\"CIMG4489\" width=\"150\" height=\"150\" \/><\/a> <a href=\"http:\/\/www.graphein.com.br\/wp-content\/uploads\/2014\/09\/CIMG4498.jpg\"><img loading=\"lazy\" class=\"alignleft size-thumbnail wp-image-5431\" src=\"http:\/\/www.graphein.com.br\/wp-content\/uploads\/2014\/09\/CIMG4498-150x150.jpg\" alt=\"CIMG4498\" width=\"150\" height=\"150\" \/><\/a> <a href=\"http:\/\/www.graphein.com.br\/wp-content\/uploads\/2014\/09\/CIMG4506.jpg\"><img loading=\"lazy\" class=\"alignleft size-thumbnail wp-image-5432\" src=\"http:\/\/www.graphein.com.br\/wp-content\/uploads\/2014\/09\/CIMG4506-150x150.jpg\" alt=\"CIMG4506\" width=\"150\" height=\"150\" \/><\/a> <a href=\"http:\/\/www.graphein.com.br\/wp-content\/uploads\/2014\/09\/CIMG4501.jpg\"><img loading=\"lazy\" class=\"alignleft size-thumbnail wp-image-5433\" src=\"http:\/\/www.graphein.com.br\/wp-content\/uploads\/2014\/09\/CIMG4501-150x150.jpg\" alt=\"CIMG4501\" width=\"150\" height=\"150\" \/><\/a> <a href=\"http:\/\/www.graphein.com.br\/wp-content\/uploads\/2014\/09\/construindo-o-futuro.jpg\"><img loading=\"lazy\" class=\"alignleft size-thumbnail wp-image-5434\" src=\"http:\/\/www.graphein.com.br\/wp-content\/uploads\/2014\/09\/construindo-o-futuro-150x150.jpg\" alt=\"construindo o futuro\" width=\"150\" height=\"150\" \/><\/a><\/p>\n<iframe src=\"http:\/\/www.facebook.com\/plugins\/like.php?href=https%3A%2F%2Fwww.graphein.com.br%2F%3Fp%3D5429&amp;layout=standard&amp;show_faces=true&amp;width=450&amp;action=like&amp;colorscheme=light\" scrolling=\"no\" frameborder=\"0\" allowTransparency=\"true\" style=\"border:none; overflow:hidden; width:450px;margin-top:5px;\"><\/iframe>","protected":false},"excerpt":{"rendered":"<p>Conhecer as oportunidades e saber desfrutar delas para construir projetos de vida s\u00f3lidos, s\u00e3o passos fundamentais para o sucesso pessoal e profissional. \u00c9 imprescind\u00edvel conhecer o que se escolhe, por\u00e9m, a maioria dos jovens encontra dificuldades no momento de fazer a sua escolha profissional e muitos desses problemas se devem ao desconhecido e a desinforma\u00e7\u00e3o. [&hellip;]<\/p>\n","protected":false},"author":1,"featured_media":0,"comment_status":"open","ping_status":"open","sticky":false,"template":"","format":"standard","meta":[],"categories":[2],"tags":[],"_links":{"self":[{"href":"https:\/\/www.graphein.com.br\/index.php?rest_route=\/wp\/v2\/posts\/5429"}],"collection":[{"href":"https:\/\/www.graphein.com.br\/index.php?rest_route=\/wp\/v2\/posts"}],"about":[{"href":"https:\/\/www.graphein.com.br\/index.php?rest_route=\/wp\/v2\/types\/post"}],"author":[{"embeddable":true,"href":"https:\/\/www.graphein.com.br\/index.php?rest_route=\/wp\/v2\/users\/1"}],"replies":[{"embeddable":true,"href":"https:\/\/www.graphein.com.br\/index.php?rest_route=%2Fwp%2Fv2%2Fcomments&post=5429"}],"version-history":[{"count":1,"href":"https:\/\/www.graphein.com.br\/index.php?rest_route=\/wp\/v2\/posts\/5429\/revisions"}],"predecessor-version":[{"id":5435,"href":"https:\/\/www.graphein.com.br\/index.php?rest_route=\/wp\/v2\/posts\/5429\/revisions\/5435"}],"wp:attachment":[{"href":"https:\/\/www.graphein.com.br\/index.php?rest_route=%2Fwp%2Fv2%2Fmedia&parent=5429"}],"wp:term":[{"taxonomy":"category","embeddable":true,"href":"https:\/\/www.graphein.com.br\/index.php?rest_route=%2Fwp%2Fv2%2Fcategories&post=5429"},{"taxonomy":"post_tag","embeddable":true,"href":"https:\/\/www.graphein.com.br\/index.php?rest_route=%2Fwp%2Fv2%2Ftags&post=5429"}],"curies":[{"name":"wp","href":"https:\/\/api.w.org\/{rel}","templated":true}]}}