{"id":544,"date":"2010-04-06T09:37:30","date_gmt":"2010-04-06T12:37:30","guid":{"rendered":"http:\/\/graphein.tempsite.ws\/novosite\/?p=544"},"modified":"2010-04-06T09:37:30","modified_gmt":"2010-04-06T12:37:30","slug":"a-arte-de-encadernar","status":"publish","type":"post","link":"https:\/\/www.graphein.com.br\/?p=544","title":{"rendered":"A arte de encadernar"},"content":{"rendered":"<p style=\"text-align: justify;\"><a href=\"http:\/\/graphein.tempsite.ws\/novosite\/wp-content\/uploads\/2010\/10\/Foto_Not\u00edcia16.jpg\"><img loading=\"lazy\" title=\"Foto_Not\u00edcia16\" class=\"alignleft size-medium wp-image-545\" src=\"http:\/\/graphein.tempsite.ws\/novosite\/wp-content\/uploads\/2010\/10\/Foto_Not\u00edcia16-300x225.jpg\" alt=\"\" width=\"300\" height=\"225\" \/><\/a>Alunos da Qualifica\u00e7\u00e3o Profissional est\u00e3o realizando um curso que tem por objetivo principal sensibilizar os participantes para a atividade de encaderna\u00e7\u00e3o e na tentativa de inseri-los no mercado de trabalho. Oferecendo condi\u00e7\u00f5es de identificar os v\u00e1rios tipos de encaderna\u00e7\u00e3o comercial e execut\u00e1-las corretamente, aprendendo, na pr\u00e1tica como encadernar qualquer tipo de livro.<\/p>\n<p style=\"text-align: justify;\">Entre os objetivos espec\u00edficos, est\u00e3o: aprender a encadernar, criteriosamente, sem preju\u00edzo ao suporte do conte\u00fado e ensinar aos alunos a confeccionar a capa adequada para cada livro, salientando a import\u00e2ncia do relacionamento harmonioso entre capa e conte\u00fado.<\/p>\n<p style=\"text-align: justify;\">\n<p style=\"text-align: justify;\">Camila D\u2019 Amico<\/p>\n<p style=\"text-align: justify;\">Coord. Pedag\u00f3gica<\/p>\n<iframe src=\"http:\/\/www.facebook.com\/plugins\/like.php?href=https%3A%2F%2Fwww.graphein.com.br%2F%3Fp%3D544&amp;layout=standard&amp;show_faces=true&amp;width=450&amp;action=like&amp;colorscheme=light\" scrolling=\"no\" frameborder=\"0\" allowTransparency=\"true\" style=\"border:none; overflow:hidden; width:450px;margin-top:5px;\"><\/iframe>","protected":false},"excerpt":{"rendered":"<p>Alunos da Qualifica\u00e7\u00e3o Profissional est\u00e3o realizando um curso que tem por objetivo principal sensibilizar os participantes para a atividade de encaderna\u00e7\u00e3o e na tentativa de inseri-los no mercado de trabalho. Oferecendo condi\u00e7\u00f5es de identificar os v\u00e1rios tipos de encaderna\u00e7\u00e3o comercial e execut\u00e1-las corretamente, aprendendo, na pr\u00e1tica como encadernar qualquer tipo de livro. Entre os objetivos [&hellip;]<\/p>\n","protected":false},"author":1,"featured_media":0,"comment_status":"open","ping_status":"open","sticky":false,"template":"","format":"standard","meta":[],"categories":[16],"tags":[],"_links":{"self":[{"href":"https:\/\/www.graphein.com.br\/index.php?rest_route=\/wp\/v2\/posts\/544"}],"collection":[{"href":"https:\/\/www.graphein.com.br\/index.php?rest_route=\/wp\/v2\/posts"}],"about":[{"href":"https:\/\/www.graphein.com.br\/index.php?rest_route=\/wp\/v2\/types\/post"}],"author":[{"embeddable":true,"href":"https:\/\/www.graphein.com.br\/index.php?rest_route=\/wp\/v2\/users\/1"}],"replies":[{"embeddable":true,"href":"https:\/\/www.graphein.com.br\/index.php?rest_route=%2Fwp%2Fv2%2Fcomments&post=544"}],"version-history":[{"count":0,"href":"https:\/\/www.graphein.com.br\/index.php?rest_route=\/wp\/v2\/posts\/544\/revisions"}],"wp:attachment":[{"href":"https:\/\/www.graphein.com.br\/index.php?rest_route=%2Fwp%2Fv2%2Fmedia&parent=544"}],"wp:term":[{"taxonomy":"category","embeddable":true,"href":"https:\/\/www.graphein.com.br\/index.php?rest_route=%2Fwp%2Fv2%2Fcategories&post=544"},{"taxonomy":"post_tag","embeddable":true,"href":"https:\/\/www.graphein.com.br\/index.php?rest_route=%2Fwp%2Fv2%2Ftags&post=544"}],"curies":[{"name":"wp","href":"https:\/\/api.w.org\/{rel}","templated":true}]}}