{"id":548,"date":"2010-04-07T09:42:14","date_gmt":"2010-04-07T12:42:14","guid":{"rendered":"http:\/\/graphein.tempsite.ws\/novosite\/?p=548"},"modified":"2010-04-07T09:42:14","modified_gmt":"2010-04-07T12:42:14","slug":"feira-literaria","status":"publish","type":"post","link":"https:\/\/www.graphein.com.br\/?p=548","title":{"rendered":"Feira Liter\u00e1ria"},"content":{"rendered":"<p style=\"text-align: justify;\"><a href=\"http:\/\/graphein.tempsite.ws\/novosite\/wp-content\/uploads\/2010\/10\/Foto_Not\u00edcia17.jpg\"><img loading=\"lazy\" title=\"&lt;SAMSUNG DIGITAL CAMERA&gt;\" class=\"alignleft size-medium wp-image-549\" src=\"http:\/\/graphein.tempsite.ws\/novosite\/wp-content\/uploads\/2010\/10\/Foto_Not\u00edcia17-300x141.jpg\" alt=\"\" width=\"300\" height=\"141\" \/><\/a>O contato de crian\u00e7as e jovens com uma grande variedade de livros lhes desperta a curiosidade intelectual e o gosto pela leitura.<\/p>\n<p style=\"text-align: justify;\">A Feira Liter\u00e1ria do Col\u00e9gio Graphein permitiu aos alunos, professores e familiares, um contato pr\u00f3ximo com as diferentes obras e maior oportunidade de escolha.<\/p>\n<p style=\"text-align: justify;\">Os estudantes contribu\u00edram, e muito, para a realiza\u00e7\u00e3o deste evento, em diversas atividades produziram conte\u00fados que foram expostos na feira do livro, como: exposi\u00e7\u00f5es dos textos produzidos em sala de aula, participa\u00e7\u00e3o de oficinas culturais, e tamb\u00e9m, adquiriram paradid\u00e1ticos.<\/p>\n<p style=\"text-align: justify;\">\n<p style=\"text-align: justify;\">Uma manh\u00e3 instigante e produtiva.<\/p>\n<p style=\"text-align: justify;\">Agradecemos a todos que colaboraram para o SUCESSO LITER\u00c1RIO!<\/p>\n<p style=\"text-align: center;\"><strong><em>\u201cTransforme as visitas \u00e0 livraria e \u00e0 biblioteca em programa regular para a fam\u00edlia&#8221;.<\/em><\/strong><\/p>\n<p style=\"text-align: justify;\">Camila D\u2019Amico<\/p>\n<p style=\"text-align: justify;\">Coord. Pedag\u00f3gica<\/p>\n<iframe src=\"http:\/\/www.facebook.com\/plugins\/like.php?href=https%3A%2F%2Fwww.graphein.com.br%2F%3Fp%3D548&amp;layout=standard&amp;show_faces=true&amp;width=450&amp;action=like&amp;colorscheme=light\" scrolling=\"no\" frameborder=\"0\" allowTransparency=\"true\" style=\"border:none; overflow:hidden; width:450px;margin-top:5px;\"><\/iframe>","protected":false},"excerpt":{"rendered":"<p>O contato de crian\u00e7as e jovens com uma grande variedade de livros lhes desperta a curiosidade intelectual e o gosto pela leitura. A Feira Liter\u00e1ria do Col\u00e9gio Graphein permitiu aos alunos, professores e familiares, um contato pr\u00f3ximo com as diferentes obras e maior oportunidade de escolha. Os estudantes contribu\u00edram, e muito, para a realiza\u00e7\u00e3o deste [&hellip;]<\/p>\n","protected":false},"author":1,"featured_media":0,"comment_status":"open","ping_status":"open","sticky":false,"template":"","format":"standard","meta":[],"categories":[16],"tags":[],"_links":{"self":[{"href":"https:\/\/www.graphein.com.br\/index.php?rest_route=\/wp\/v2\/posts\/548"}],"collection":[{"href":"https:\/\/www.graphein.com.br\/index.php?rest_route=\/wp\/v2\/posts"}],"about":[{"href":"https:\/\/www.graphein.com.br\/index.php?rest_route=\/wp\/v2\/types\/post"}],"author":[{"embeddable":true,"href":"https:\/\/www.graphein.com.br\/index.php?rest_route=\/wp\/v2\/users\/1"}],"replies":[{"embeddable":true,"href":"https:\/\/www.graphein.com.br\/index.php?rest_route=%2Fwp%2Fv2%2Fcomments&post=548"}],"version-history":[{"count":0,"href":"https:\/\/www.graphein.com.br\/index.php?rest_route=\/wp\/v2\/posts\/548\/revisions"}],"wp:attachment":[{"href":"https:\/\/www.graphein.com.br\/index.php?rest_route=%2Fwp%2Fv2%2Fmedia&parent=548"}],"wp:term":[{"taxonomy":"category","embeddable":true,"href":"https:\/\/www.graphein.com.br\/index.php?rest_route=%2Fwp%2Fv2%2Fcategories&post=548"},{"taxonomy":"post_tag","embeddable":true,"href":"https:\/\/www.graphein.com.br\/index.php?rest_route=%2Fwp%2Fv2%2Ftags&post=548"}],"curies":[{"name":"wp","href":"https:\/\/api.w.org\/{rel}","templated":true}]}}