{"id":552,"date":"2010-05-03T09:54:13","date_gmt":"2010-05-03T12:54:13","guid":{"rendered":"http:\/\/graphein.tempsite.ws\/novosite\/?p=552"},"modified":"2010-05-03T09:54:13","modified_gmt":"2010-05-03T12:54:13","slug":"oficina-de-papel-reciclado","status":"publish","type":"post","link":"https:\/\/www.graphein.com.br\/?p=552","title":{"rendered":"Oficina de papel reciclado"},"content":{"rendered":"<p style=\"text-align: justify;\"><a href=\"http:\/\/graphein.tempsite.ws\/novosite\/wp-content\/uploads\/2010\/10\/Foto_Not\u00edcia19.jpg\"><img loading=\"lazy\" title=\"Foto_Not\u00edcia19\" class=\"alignleft size-medium wp-image-553\" src=\"http:\/\/graphein.tempsite.ws\/novosite\/wp-content\/uploads\/2010\/10\/Foto_Not\u00edcia19-194x300.jpg\" alt=\"\" width=\"194\" height=\"300\" \/><\/a>Estudantes do curso de Qualifica\u00e7\u00e3o Profissional, participam da oficina da APOIE que tem por objetivo promover curso de papel reciclado orientado por instrutor e com a participa\u00e7\u00e3o direta dos aprendizes. A viv\u00eancia \u00e9 uma oportunidade para o aprendizado da t\u00e9cnica de confec\u00e7\u00e3o do papel artesanal e um momento de integra\u00e7\u00e3o dos aprendizes com a comunidade.<\/p>\n<p style=\"text-align: justify;\">A reciclagem do papel pode ser feita artesanalmente ou em grandes ind\u00fastrias, sendo um processo que conquista cada vez mais espa\u00e7o \u2013 visto que as quest\u00f5es ambientais v\u00eam sendo tema do nosso dia-a-dia.<\/p>\n<p style=\"text-align: justify;\">Para tal fim, gera-se menos polui\u00e7\u00e3o, e \u00e1gua e energia s\u00e3o mais poupados, al\u00e9m de um n\u00famero consider\u00e1vel de \u00e1rvores. Assim, a reciclagem de papel \u00e9 uma boa alternativa para o que diz respeito \u00e0 sustentabilidade, embora n\u00e3o deva ser a \u00fanica op\u00e7\u00e3o para tal, pelos motivos citados. Vale lembrar que polui\u00e7\u00e3o e gasto de energia e de \u00e1gua nulos valem mais, ecologicamente falando, do que apenas reduzir estas taxas.<\/p>\n<p style=\"text-align: justify;\">\n<p style=\"text-align: justify;\">Camila D\u2019Amico<\/p>\n<iframe src=\"http:\/\/www.facebook.com\/plugins\/like.php?href=https%3A%2F%2Fwww.graphein.com.br%2F%3Fp%3D552&amp;layout=standard&amp;show_faces=true&amp;width=450&amp;action=like&amp;colorscheme=light\" scrolling=\"no\" frameborder=\"0\" allowTransparency=\"true\" style=\"border:none; overflow:hidden; width:450px;margin-top:5px;\"><\/iframe>","protected":false},"excerpt":{"rendered":"<p>Estudantes do curso de Qualifica\u00e7\u00e3o Profissional, participam da oficina da APOIE que tem por objetivo promover curso de papel reciclado orientado por instrutor e com a participa\u00e7\u00e3o direta dos aprendizes. A viv\u00eancia \u00e9 uma oportunidade para o aprendizado da t\u00e9cnica de confec\u00e7\u00e3o do papel artesanal e um momento de integra\u00e7\u00e3o dos aprendizes com a comunidade. [&hellip;]<\/p>\n","protected":false},"author":1,"featured_media":0,"comment_status":"open","ping_status":"open","sticky":false,"template":"","format":"standard","meta":[],"categories":[16],"tags":[],"_links":{"self":[{"href":"https:\/\/www.graphein.com.br\/index.php?rest_route=\/wp\/v2\/posts\/552"}],"collection":[{"href":"https:\/\/www.graphein.com.br\/index.php?rest_route=\/wp\/v2\/posts"}],"about":[{"href":"https:\/\/www.graphein.com.br\/index.php?rest_route=\/wp\/v2\/types\/post"}],"author":[{"embeddable":true,"href":"https:\/\/www.graphein.com.br\/index.php?rest_route=\/wp\/v2\/users\/1"}],"replies":[{"embeddable":true,"href":"https:\/\/www.graphein.com.br\/index.php?rest_route=%2Fwp%2Fv2%2Fcomments&post=552"}],"version-history":[{"count":0,"href":"https:\/\/www.graphein.com.br\/index.php?rest_route=\/wp\/v2\/posts\/552\/revisions"}],"wp:attachment":[{"href":"https:\/\/www.graphein.com.br\/index.php?rest_route=%2Fwp%2Fv2%2Fmedia&parent=552"}],"wp:term":[{"taxonomy":"category","embeddable":true,"href":"https:\/\/www.graphein.com.br\/index.php?rest_route=%2Fwp%2Fv2%2Fcategories&post=552"},{"taxonomy":"post_tag","embeddable":true,"href":"https:\/\/www.graphein.com.br\/index.php?rest_route=%2Fwp%2Fv2%2Ftags&post=552"}],"curies":[{"name":"wp","href":"https:\/\/api.w.org\/{rel}","templated":true}]}}