{"id":570,"date":"2010-05-11T10:15:43","date_gmt":"2010-05-11T13:15:43","guid":{"rendered":"http:\/\/graphein.tempsite.ws\/novosite\/?p=570"},"modified":"2010-05-11T10:15:43","modified_gmt":"2010-05-11T13:15:43","slug":"a-licao-da-copa-do-mundo","status":"publish","type":"post","link":"https:\/\/www.graphein.com.br\/?p=570","title":{"rendered":"A li\u00e7\u00e3o da Copa do Mundo"},"content":{"rendered":"<p style=\"text-align: justify;\"><a href=\"http:\/\/graphein.tempsite.ws\/novosite\/wp-content\/uploads\/2010\/10\/Foto_Not\u00edcia23.jpg\"><img loading=\"lazy\" title=\"Foto_Not\u00edcia23\" class=\"alignleft size-medium wp-image-571\" src=\"http:\/\/graphein.tempsite.ws\/novosite\/wp-content\/uploads\/2010\/10\/Foto_Not\u00edcia23-276x300.jpg\" alt=\"\" width=\"276\" height=\"300\" \/><\/a>Em ritmo de Copa do Mundo, o Col\u00e9gio Graphein, desenvolveu trabalhos com os estudantes contando a origem da Copa e dos pa\u00edses participantes da competi\u00e7\u00e3o.<\/p>\n<p style=\"text-align: justify;\">\u00c9 imposs\u00edvel n\u00e3o falar na escola de um assunto que est\u00e1 na vida de todos e que costuma alterar rotina e comportamento das pessoas.<\/p>\n<p style=\"text-align: justify;\">Os conte\u00fados foram vistos em sala de aula e no laborat\u00f3rio de inform\u00e1tica dando origem a uma exposi\u00e7\u00e3o que n\u00e3o s\u00f3 priorizava o futebol, mas sim toda cultura dos pa\u00edses.<\/p>\n<p style=\"text-align: justify;\">Os estudantes acompanharam atentamente tudo o que estava sendo pesquisado, facilitando a integra\u00e7\u00e3o entre eles, j\u00e1 que todos dominam o mesmo assunto.<\/p>\n<p style=\"text-align: justify;\">Nossos educadores que orientaram os alunos a desenvolverem os trabalhos relataram que estas atividades de pesquisa e cria\u00e7\u00e3o ajudam os estudantes a fixar melhor os conte\u00fados conceituais, pois quando t\u00eam uma participa\u00e7\u00e3o m\u00fatua, aprendem para toda a vida.<\/p>\n<p style=\"text-align: justify;\">\n<p style=\"text-align: justify;\">Boa sorte Brasil!!!<\/p>\n<p style=\"text-align: justify;\">\n<p style=\"text-align: justify;\">Camila D&#8217;Amico,<\/p>\n<p style=\"text-align: justify;\">Coord. Pedag\u00f3gica<\/p>\n<iframe src=\"http:\/\/www.facebook.com\/plugins\/like.php?href=https%3A%2F%2Fwww.graphein.com.br%2F%3Fp%3D570&amp;layout=standard&amp;show_faces=true&amp;width=450&amp;action=like&amp;colorscheme=light\" scrolling=\"no\" frameborder=\"0\" allowTransparency=\"true\" style=\"border:none; overflow:hidden; width:450px;margin-top:5px;\"><\/iframe>","protected":false},"excerpt":{"rendered":"<p>Em ritmo de Copa do Mundo, o Col\u00e9gio Graphein, desenvolveu trabalhos com os estudantes contando a origem da Copa e dos pa\u00edses participantes da competi\u00e7\u00e3o. \u00c9 imposs\u00edvel n\u00e3o falar na escola de um assunto que est\u00e1 na vida de todos e que costuma alterar rotina e comportamento das pessoas. Os conte\u00fados foram vistos em sala [&hellip;]<\/p>\n","protected":false},"author":1,"featured_media":0,"comment_status":"open","ping_status":"open","sticky":false,"template":"","format":"standard","meta":[],"categories":[16],"tags":[],"_links":{"self":[{"href":"https:\/\/www.graphein.com.br\/index.php?rest_route=\/wp\/v2\/posts\/570"}],"collection":[{"href":"https:\/\/www.graphein.com.br\/index.php?rest_route=\/wp\/v2\/posts"}],"about":[{"href":"https:\/\/www.graphein.com.br\/index.php?rest_route=\/wp\/v2\/types\/post"}],"author":[{"embeddable":true,"href":"https:\/\/www.graphein.com.br\/index.php?rest_route=\/wp\/v2\/users\/1"}],"replies":[{"embeddable":true,"href":"https:\/\/www.graphein.com.br\/index.php?rest_route=%2Fwp%2Fv2%2Fcomments&post=570"}],"version-history":[{"count":0,"href":"https:\/\/www.graphein.com.br\/index.php?rest_route=\/wp\/v2\/posts\/570\/revisions"}],"wp:attachment":[{"href":"https:\/\/www.graphein.com.br\/index.php?rest_route=%2Fwp%2Fv2%2Fmedia&parent=570"}],"wp:term":[{"taxonomy":"category","embeddable":true,"href":"https:\/\/www.graphein.com.br\/index.php?rest_route=%2Fwp%2Fv2%2Fcategories&post=570"},{"taxonomy":"post_tag","embeddable":true,"href":"https:\/\/www.graphein.com.br\/index.php?rest_route=%2Fwp%2Fv2%2Ftags&post=570"}],"curies":[{"name":"wp","href":"https:\/\/api.w.org\/{rel}","templated":true}]}}