{"id":5714,"date":"2014-10-13T12:53:38","date_gmt":"2014-10-13T12:53:38","guid":{"rendered":"http:\/\/www.graphein.com.br\/?p=5714"},"modified":"2014-10-13T12:53:38","modified_gmt":"2014-10-13T12:53:38","slug":"pela-vida-contra-as-drogas","status":"publish","type":"post","link":"https:\/\/www.graphein.com.br\/?p=5714","title":{"rendered":"PELA VIDA CONTRA AS DROGAS!"},"content":{"rendered":"<p><a href=\"http:\/\/www.graphein.com.br\/wp-content\/uploads\/2014\/10\/graziele.jpg\"><img loading=\"lazy\" class=\"wp-image-5721 aligncenter\" src=\"http:\/\/www.graphein.com.br\/wp-content\/uploads\/2014\/10\/graziele.jpg\" alt=\"graziele\" width=\"562\" height=\"59\" srcset=\"https:\/\/www.graphein.com.br\/wp-content\/uploads\/2014\/10\/graziele.jpg 3506w, https:\/\/www.graphein.com.br\/wp-content\/uploads\/2014\/10\/graziele-300x32.jpg 300w, https:\/\/www.graphein.com.br\/wp-content\/uploads\/2014\/10\/graziele-1024x109.jpg 1024w\" sizes=\"(max-width: 562px) 100vw, 562px\" \/><\/a><\/p>\n<p>No dia 18\/09\/2014, o Col\u00e9gio Graphein recebeu a equipe da R\u00e1dio Jovem Pan com a tradicional campanha \u201cPela Vida Contra as Drogas\u201d.<\/p>\n<p>Nossos alunos tiveram a oportunidade de ouvir dois depoimentos: o primeiro da m\u00e3e de um dependente, e o segundo, impactante para os estudantes, de um jovem rapaz em recupera\u00e7\u00e3o, que de forma muito clara relatou a maneira silenciosa, por\u00e9m devastadora, com a qual as drogas entraram em sua vida.<\/p>\n<p>A curiosidade natural dos adolescentes \u00e9 um dos fatores de maior influ\u00eancia na experimenta\u00e7\u00e3o de \u00e1lcool e outras drogas, assim como a opini\u00e3o dos amigos e o pertencimento ao grupo. Essa curiosidade, o desejo de buscar novas sensa\u00e7\u00f5es e prazeres imediatos, e a certeza de que estar\u00e3o mais fortes s\u00e3o elementos que v\u00e3o ao encontro dos efeitos oferecidos pelas subst\u00e2ncias. E como todo adolescente, acabam sentindo-se poderosos.<\/p>\n<p>O modismo \u00e9 outro aspecto importante e relacionado ao uso dessas subst\u00e2ncias entre os jovens. Ao sair da inf\u00e2ncia, a maioria deles come\u00e7a a sentir o prazer da liberdade nas pequenas coisas, desde a escolha de suas pr\u00f3prias roupas, at\u00e9 a defini\u00e7\u00e3o de qual ser\u00e1 o seu estilo, tornando-se vulner\u00e1veis a essas influ\u00eancias.<\/p>\n<p>Por este motivo, o papel da fam\u00edlia na forma\u00e7\u00e3o do adolescente \u00e9 fundamental e de total import\u00e2ncia. Um dos primeiros passos para uma comunica\u00e7\u00e3o eficaz com seu filho sobre drogas \u00e9 ter em mente que a comunica\u00e7\u00e3o \u00e9 um processo de duas vias. \u00c9 preciso tentar mostrar ao seu filho que est\u00e1 interessado no que ele tem a dizer e que est\u00e1 disposto a ouvi-lo atentamente.<\/p>\n<p>Outro caminho seria estabelecer limites e fronteiras para firmar acordos sobre o comportamento em rela\u00e7\u00e3o ao \u00e1lcool e outras drogas: Criar regras e limites consistentes e justos pode auxiliar neste processo. \u00c9 sempre bom envolver o jovem na defini\u00e7\u00e3o de regras de modo que eles fiquem mais propensos a assumi-las.<\/p>\n<p>Mais uma vez, a parceria fam\u00edlia e escola aparece para trazer ao jovem o repert\u00f3rio necess\u00e1rio para que n\u00e3o seja seduzido por este universo devastador.<\/p>\n<p>A forma\u00e7\u00e3o de valores, no seio familiar, estendidos na conviv\u00eancia escolar e a informa\u00e7\u00e3o clara e objetiva, proporcionada pela escola sobre os reais danos causados pelo consumo de drogas, s\u00e3o as verdadeiras e mais eficazes \u201carmas\u201d para proporcionar a reflex\u00e3o sobre o assunto entre os jovens.<\/p>\n<p><strong>C\u00e1tia Alves<\/strong><\/p>\n<p><strong>Coord. Pedag\u00f3gica<\/strong><\/p>\n\n\t\t<style type=\"text\/css\">\n\t\t\t#gallery-1 {\n\t\t\t\tmargin: auto;\n\t\t\t}\n\t\t\t#gallery-1 .gallery-item {\n\t\t\t\tfloat: left;\n\t\t\t\tmargin-top: 10px;\n\t\t\t\ttext-align: center;\n\t\t\t\twidth: 33%;\n\t\t\t}\n\t\t\t#gallery-1 img {\n\t\t\t\tborder: 2px solid #cfcfcf;\n\t\t\t}\n\t\t\t#gallery-1 .gallery-caption {\n\t\t\t\tmargin-left: 0;\n\t\t\t}\n\t\t\t\/* see gallery_shortcode() in wp-includes\/media.php *\/\n\t\t<\/style>\n\t\t<div id='gallery-1' class='gallery galleryid-5714 gallery-columns-3 gallery-size-thumbnail'><dl class='gallery-item'>\n\t\t\t<dt class='gallery-icon landscape'>\n\t\t\t\t<a href='https:\/\/www.graphein.com.br\/?attachment_id=5730'><img width=\"150\" height=\"150\" src=\"https:\/\/www.graphein.com.br\/wp-content\/uploads\/2014\/10\/palestra-03-150x150.jpg\" class=\"attachment-thumbnail size-thumbnail\" alt=\"\" loading=\"lazy\" \/><\/a>\n\t\t\t<\/dt><\/dl><dl class='gallery-item'>\n\t\t\t<dt class='gallery-icon landscape'>\n\t\t\t\t<a href='https:\/\/www.graphein.com.br\/?attachment_id=5729'><img width=\"150\" height=\"150\" src=\"https:\/\/www.graphein.com.br\/wp-content\/uploads\/2014\/10\/palestra-02-150x150.jpg\" class=\"attachment-thumbnail size-thumbnail\" alt=\"\" loading=\"lazy\" \/><\/a>\n\t\t\t<\/dt><\/dl><dl class='gallery-item'>\n\t\t\t<dt class='gallery-icon landscape'>\n\t\t\t\t<a href='https:\/\/www.graphein.com.br\/?attachment_id=5728'><img width=\"150\" height=\"150\" src=\"https:\/\/www.graphein.com.br\/wp-content\/uploads\/2014\/10\/palestra-01-150x150.jpg\" class=\"attachment-thumbnail size-thumbnail\" alt=\"\" loading=\"lazy\" \/><\/a>\n\t\t\t<\/dt><\/dl><br style=\"clear: both\" \/>\n\t\t<\/div>\n\n<iframe src=\"http:\/\/www.facebook.com\/plugins\/like.php?href=https%3A%2F%2Fwww.graphein.com.br%2F%3Fp%3D5714&amp;layout=standard&amp;show_faces=true&amp;width=450&amp;action=like&amp;colorscheme=light\" scrolling=\"no\" frameborder=\"0\" allowTransparency=\"true\" style=\"border:none; overflow:hidden; width:450px;margin-top:5px;\"><\/iframe>","protected":false},"excerpt":{"rendered":"<p>No dia 18\/09\/2014, o Col\u00e9gio Graphein recebeu a equipe da R\u00e1dio Jovem Pan com a tradicional campanha \u201cPela Vida Contra as Drogas\u201d. Nossos alunos tiveram a oportunidade de ouvir dois depoimentos: o primeiro da m\u00e3e de um dependente, e o segundo, impactante para os estudantes, de um jovem rapaz em recupera\u00e7\u00e3o, que de forma muito [&hellip;]<\/p>\n","protected":false},"author":1,"featured_media":0,"comment_status":"open","ping_status":"open","sticky":false,"template":"","format":"standard","meta":[],"categories":[2],"tags":[],"_links":{"self":[{"href":"https:\/\/www.graphein.com.br\/index.php?rest_route=\/wp\/v2\/posts\/5714"}],"collection":[{"href":"https:\/\/www.graphein.com.br\/index.php?rest_route=\/wp\/v2\/posts"}],"about":[{"href":"https:\/\/www.graphein.com.br\/index.php?rest_route=\/wp\/v2\/types\/post"}],"author":[{"embeddable":true,"href":"https:\/\/www.graphein.com.br\/index.php?rest_route=\/wp\/v2\/users\/1"}],"replies":[{"embeddable":true,"href":"https:\/\/www.graphein.com.br\/index.php?rest_route=%2Fwp%2Fv2%2Fcomments&post=5714"}],"version-history":[{"count":8,"href":"https:\/\/www.graphein.com.br\/index.php?rest_route=\/wp\/v2\/posts\/5714\/revisions"}],"predecessor-version":[{"id":5731,"href":"https:\/\/www.graphein.com.br\/index.php?rest_route=\/wp\/v2\/posts\/5714\/revisions\/5731"}],"wp:attachment":[{"href":"https:\/\/www.graphein.com.br\/index.php?rest_route=%2Fwp%2Fv2%2Fmedia&parent=5714"}],"wp:term":[{"taxonomy":"category","embeddable":true,"href":"https:\/\/www.graphein.com.br\/index.php?rest_route=%2Fwp%2Fv2%2Fcategories&post=5714"},{"taxonomy":"post_tag","embeddable":true,"href":"https:\/\/www.graphein.com.br\/index.php?rest_route=%2Fwp%2Fv2%2Ftags&post=5714"}],"curies":[{"name":"wp","href":"https:\/\/api.w.org\/{rel}","templated":true}]}}