{"id":5872,"date":"2014-10-14T19:20:53","date_gmt":"2014-10-14T19:20:53","guid":{"rendered":"http:\/\/www.graphein.com.br\/?p=5872"},"modified":"2014-10-17T12:49:50","modified_gmt":"2014-10-17T12:49:50","slug":"dia-dos-professores","status":"publish","type":"post","link":"https:\/\/www.graphein.com.br\/?p=5872","title":{"rendered":"Feliz dia dos professores!"},"content":{"rendered":"<p><span style=\"color: #333333;\"><em>\u00a0<\/em><\/span><\/p>\n<blockquote><p><span style=\"color: #333333;\">\u00a0<\/span><br \/>\n<span style=\"color: #333333;\"> <strong><strong><br \/>\n<\/strong><\/strong><\/span><\/p>\n<p style=\"text-align: center;\"><span style=\"color: #333333;\"><em><strong>Queridos Professores, queremos agradecer pelo trabalho<\/strong><\/em><strong><br \/>\n<strong><em>e dedica\u00e7\u00e3o prestados ao nosso col\u00e9gio.<\/em><\/strong><\/strong><em><br \/>\n<em><strong> Parab\u00e9ns pelo seu dia\u203c!<\/strong><\/em><\/em><\/span><\/p>\n<p style=\"text-align: center;\"><span style=\"color: #333333;\"><em><strong>Com Carinho.<\/strong><\/em><strong><br \/>\n<em>Col\u00e9gio Graphein<\/em><\/strong><\/span><\/p>\n<\/blockquote>\n<p style=\"text-align: center;\"><em>Veja alguns depoimentos dos pais para nossos educadores.<\/em><\/p>\n<p style=\"text-align: center;\"><em>\u00a0A equipe Graphein,<\/em><\/p>\n<p style=\"text-align: center;\"><em>Deus aben\u00e7oe e guarde todos os professores, supra cada uma de suas necessidades e os conduza em vit\u00f3ria em todas as \u00e1reas de suas vidas\u2026<\/em><\/p>\n<p style=\"text-align: center;\"><em>Muito obrigada aos professores, coordenadores e a todos do Col\u00e9gio pelo bem que tem feito ao meu filho Angelo. Deus os recompense rica e poderosamente\u2026<\/em><\/p>\n<p style=\"text-align: center;\"><em>Desejo muitas felicidades a todos.<\/em><\/p>\n<p style=\"text-align: center;\"><em>Um abra\u00e7o, Cida <strong>(m\u00e3e do estudante Angelo)<\/strong><\/em><\/p>\n<p style=\"text-align: center;\"><em>\u00a0<\/em><\/p>\n<p style=\"text-align: center;\"><em>\u00a0Prof\u00ba Karina e Telma,<\/em><\/p>\n<p style=\"text-align: center;\"><em>Parab\u00e9ns pelo dia, pelo dom e por cuidarem bem de nossos filhos.<\/em><\/p>\n<p style=\"text-align: center;\"><em>Um grande beijo, Simone <strong>(m\u00e3e da estudante Nicole)<\/strong> <\/em><\/p>\n<p style=\"text-align: center;\"><em>\u00a0<\/em><\/p>\n<p style=\"text-align: center;\"><em>\u00a0Prof\u00ba Tatiane,<\/em><\/p>\n<p style=\"text-align: center;\"><em>Deus te aben\u00e7oe muito e lhe d\u00ea muita paci\u00eancia para continuar cuidando t\u00e3o bem do nosso tesouro\u203c! \u00a0Rosana <strong>(m\u00e3e do estudante Bruno B.)<\/strong><\/em><\/p>\n<p style=\"text-align: center;\"><em>\u00a0<\/em><\/p>\n<p style=\"text-align: center;\"><em>\u00a0Prof\u00ba Gabriela,<\/em><\/p>\n<p style=\"text-align: center;\"><em>Queremos parabeniz\u00e1-la pelo seu dia dos professores! A profiss\u00e3o mais importante numa escala da sociedade.<\/em><\/p>\n<p style=\"text-align: center;\"><em>Voc\u00eas s\u00e3o respons\u00e1veis pela base!<\/em><\/p>\n<p style=\"text-align: center;\"><em>Bela escolha, parab\u00e9ns\u203c!<\/em><\/p>\n<p style=\"text-align: center;\"><em>De nosso lado, obrigada pelo carinho e dedica\u00e7\u00e3o ao Vi.<\/em><\/p>\n<p style=\"text-align: center;\"><em>Transmita, por favor, nosso carinho \u00e0 Paula e Camila (e os demais professores).<\/em><\/p>\n<p style=\"text-align: center;\"><em>Obrigada, Milene! \u00a0<strong>(m\u00e3e do estudante Vinicius)<\/strong><\/em><\/p>\n<p style=\"text-align: center;\"><em>\u00a0<\/em><\/p>\n<p style=\"text-align: center;\"><em>\u00a0Prof\u00ba Telma,<\/em><\/p>\n<p style=\"text-align: center;\"><em>Parab\u00e9ns pelo seu dia, muita sa\u00fade e sorte!<\/em><\/p>\n<p style=\"text-align: center;\"><em>Beijos, Rosa Maria! <strong>(m\u00e3e do estudante Renan)<\/strong><\/em><\/p>\n<p style=\"text-align: center;\"><em>\u00a0<\/em><\/p>\n<p style=\"text-align: center;\"><em>Prof\u00ba Telma, Amanda e a todos os professores que est\u00e3o fazendo parte dessa importante etapa do desenvolvimento do Bruno.<\/em><\/p>\n<p style=\"text-align: center;\"><em>O nosso muito obrigado, e nossos parab\u00e9ns pelo dia dos professores!<\/em><\/p>\n<p style=\"text-align: center;\"><em>Beijos, Fabiana <strong>(m\u00e3e do estudante Bruno M.)<\/strong><\/em><\/p>\n<p style=\"text-align: center;\">Prof\u00ba Fabiana,<\/p>\n<p style=\"text-align: center;\">Parab\u00e9ns pelo seu Dia dos Professores. \u00c9 a dedica\u00e7\u00e3o de voc\u00eas que transforma nossos filhos para melhor!<\/p>\n<p style=\"text-align: center;\">Obrigada!<\/p>\n<p style=\"text-align: center;\">Miriam e Fam\u00edlia\u00a0<strong>(m\u00e3e do estudante Gustavo Roberto)<\/strong><\/p>\n<p style=\"text-align: center;\">Prof\u00ba \u00a0Fabi,<\/p>\n<p style=\"text-align: center;\">Parab\u00e9ns e felicidades pelo seu dia!<\/p>\n<p style=\"text-align: center;\">Obrigada por sua dedica\u00e7\u00e3o e carinho!<\/p>\n<p style=\"text-align: center;\">Beijo, Mirna\u00a0<strong>(m\u00e3e do estudante Gabriel Allisson)<\/strong><\/p>\n<p style=\"text-align: center;\">Prof\u00ba Telma,<\/p>\n<p style=\"text-align: center;\">Quero muito pedir que voc\u00ea transmita a cada um, meu mais sincero agradecimento pela imensa dedica\u00e7\u00e3o e carinho para com ele.<\/p>\n<p style=\"text-align: center;\">Cada um tem sua import\u00e2ncia nos ganhos do nosso guerreiro.<\/p>\n<p style=\"text-align: center;\">Parab\u00e9ns a todos voc\u00eas pelo \u00e1rduo of\u00edcio de mestre.<\/p>\n<p style=\"text-align: center;\">Lembrei de todos e pedi aos Deuses que aben\u00e7oe essa equipe sempre.<\/p>\n<p style=\"text-align: center;\">Meu muto obrigada, Valquiria !\u00a0<strong>(av\u00f3 do estudante Gustavo V.)<\/strong><\/p>\n<p><a href=\"http:\/\/www.graphein.com.br\/wp-content\/uploads\/2014\/10\/marcelo.png\"><img loading=\"lazy\" class=\"alignleft wp-image-5873 size-full\" src=\"http:\/\/www.graphein.com.br\/wp-content\/uploads\/2014\/10\/marcelo-e1413312194186.png\" alt=\"marcelo\" width=\"479\" height=\"277\" srcset=\"https:\/\/www.graphein.com.br\/wp-content\/uploads\/2014\/10\/marcelo-e1413312194186.png 479w, https:\/\/www.graphein.com.br\/wp-content\/uploads\/2014\/10\/marcelo-e1413312194186-300x173.png 300w\" sizes=\"(max-width: 479px) 100vw, 479px\" \/><br \/>\n<\/a><\/p>\n<iframe src=\"http:\/\/www.facebook.com\/plugins\/like.php?href=https%3A%2F%2Fwww.graphein.com.br%2F%3Fp%3D5872&amp;layout=standard&amp;show_faces=true&amp;width=450&amp;action=like&amp;colorscheme=light\" scrolling=\"no\" frameborder=\"0\" allowTransparency=\"true\" style=\"border:none; overflow:hidden; width:450px;margin-top:5px;\"><\/iframe>","protected":false},"excerpt":{"rendered":"<p>\u00a0 \u00a0 Queridos Professores, queremos agradecer pelo trabalho e dedica\u00e7\u00e3o prestados ao nosso col\u00e9gio. Parab\u00e9ns pelo seu dia\u203c! Com Carinho. Col\u00e9gio Graphein Veja alguns depoimentos dos pais para nossos educadores. \u00a0A equipe Graphein, Deus aben\u00e7oe e guarde todos os professores, supra cada uma de suas necessidades e os conduza em vit\u00f3ria em todas as \u00e1reas [&hellip;]<\/p>\n","protected":false},"author":1,"featured_media":0,"comment_status":"open","ping_status":"open","sticky":false,"template":"","format":"standard","meta":[],"categories":[1],"tags":[],"_links":{"self":[{"href":"https:\/\/www.graphein.com.br\/index.php?rest_route=\/wp\/v2\/posts\/5872"}],"collection":[{"href":"https:\/\/www.graphein.com.br\/index.php?rest_route=\/wp\/v2\/posts"}],"about":[{"href":"https:\/\/www.graphein.com.br\/index.php?rest_route=\/wp\/v2\/types\/post"}],"author":[{"embeddable":true,"href":"https:\/\/www.graphein.com.br\/index.php?rest_route=\/wp\/v2\/users\/1"}],"replies":[{"embeddable":true,"href":"https:\/\/www.graphein.com.br\/index.php?rest_route=%2Fwp%2Fv2%2Fcomments&post=5872"}],"version-history":[{"count":26,"href":"https:\/\/www.graphein.com.br\/index.php?rest_route=\/wp\/v2\/posts\/5872\/revisions"}],"predecessor-version":[{"id":5905,"href":"https:\/\/www.graphein.com.br\/index.php?rest_route=\/wp\/v2\/posts\/5872\/revisions\/5905"}],"wp:attachment":[{"href":"https:\/\/www.graphein.com.br\/index.php?rest_route=%2Fwp%2Fv2%2Fmedia&parent=5872"}],"wp:term":[{"taxonomy":"category","embeddable":true,"href":"https:\/\/www.graphein.com.br\/index.php?rest_route=%2Fwp%2Fv2%2Fcategories&post=5872"},{"taxonomy":"post_tag","embeddable":true,"href":"https:\/\/www.graphein.com.br\/index.php?rest_route=%2Fwp%2Fv2%2Ftags&post=5872"}],"curies":[{"name":"wp","href":"https:\/\/api.w.org\/{rel}","templated":true}]}}